{"id":7363,"date":"2024-12-11T22:21:41","date_gmt":"2024-12-11T21:21:41","guid":{"rendered":"https:\/\/wgphoto.pl\/t\/?p=7363"},"modified":"2024-12-15T13:10:46","modified_gmt":"2024-12-15T12:10:46","slug":"ruch-zamrozony","status":"publish","type":"post","link":"https:\/\/wgphoto.pl\/t\/?p=7363","title":{"rendered":"Ruch zamro\u017cony"},"content":{"rendered":"\n<figure class=\"wp-block-image aligncenter size-full\"><img loading=\"lazy\" decoding=\"async\" width=\"1300\" height=\"861\" src=\"https:\/\/wgphoto.pl\/t\/wp-content\/uploads\/2024\/12\/IMGP0330.jpg\" alt=\"\" class=\"wp-image-7364\" srcset=\"https:\/\/wgphoto.pl\/t\/wp-content\/uploads\/2024\/12\/IMGP0330.jpg 1300w, https:\/\/wgphoto.pl\/t\/wp-content\/uploads\/2024\/12\/IMGP0330-300x199.jpg 300w, https:\/\/wgphoto.pl\/t\/wp-content\/uploads\/2024\/12\/IMGP0330-768x509.jpg 768w\" sizes=\"auto, (max-width: 1300px) 100vw, 1300px\" \/><\/figure>\n\n\n\n<div class=\"wp-block-group has-global-padding is-layout-constrained wp-block-group-is-layout-constrained\">\n<p>Praga, stacja Bo\u0159islavka na otwartym nieco ponad miesi\u0105c wcze\u015bniej odcinku Dejvick\u00e1 &#8211; Nemocnice Motol. Poci\u0105g ze zdj\u0119cia prowadzi wagon 81-71M 3385. 26.05.2015<\/p>\n<\/div>\n","protected":false},"excerpt":{"rendered":"<p>Praga, stacja Bo\u0159islavka na otwartym nieco ponad miesi\u0105c wcze\u015bniej odcinku Dejvick\u00e1 &#8211; Nemocnice Motol. Poci\u0105g ze zdj\u0119cia prowadzi wagon 81-71M 3385. 26.05.2015<\/p>\n","protected":false},"author":1,"featured_media":7364,"comment_status":"open","ping_status":"","sticky":false,"template":"","format":"standard","meta":{"footnotes":""},"categories":[4,104],"tags":[1319,49,1049,2649,52,1505,15,1506],"class_list":["post-7363","post","type-post","status-publish","format-standard","has-post-thumbnail","hentry","category-metro","category-rok-2015","tag-2015-05-26","tag-czechy","tag-dp-praha","tag-metro-praha","tag-praga","tag-stacje-praskiego-metra","tag-tunel","tag-1506"],"_links":{"self":[{"href":"https:\/\/wgphoto.pl\/t\/index.php?rest_route=\/wp\/v2\/posts\/7363","targetHints":{"allow":["GET"]}}],"collection":[{"href":"https:\/\/wgphoto.pl\/t\/index.php?rest_route=\/wp\/v2\/posts"}],"about":[{"href":"https:\/\/wgphoto.pl\/t\/index.php?rest_route=\/wp\/v2\/types\/post"}],"author":[{"embeddable":true,"href":"https:\/\/wgphoto.pl\/t\/index.php?rest_route=\/wp\/v2\/users\/1"}],"replies":[{"embeddable":true,"href":"https:\/\/wgphoto.pl\/t\/index.php?rest_route=%2Fwp%2Fv2%2Fcomments&post=7363"}],"version-history":[{"count":1,"href":"https:\/\/wgphoto.pl\/t\/index.php?rest_route=\/wp\/v2\/posts\/7363\/revisions"}],"predecessor-version":[{"id":7365,"href":"https:\/\/wgphoto.pl\/t\/index.php?rest_route=\/wp\/v2\/posts\/7363\/revisions\/7365"}],"wp:featuredmedia":[{"embeddable":true,"href":"https:\/\/wgphoto.pl\/t\/index.php?rest_route=\/wp\/v2\/media\/7364"}],"wp:attachment":[{"href":"https:\/\/wgphoto.pl\/t\/index.php?rest_route=%2Fwp%2Fv2%2Fmedia&parent=7363"}],"wp:term":[{"taxonomy":"category","embeddable":true,"href":"https:\/\/wgphoto.pl\/t\/index.php?rest_route=%2Fwp%2Fv2%2Fcategories&post=7363"},{"taxonomy":"post_tag","embeddable":true,"href":"https:\/\/wgphoto.pl\/t\/index.php?rest_route=%2Fwp%2Fv2%2Ftags&post=7363"}],"curies":[{"name":"wp","href":"https:\/\/api.w.org\/{rel}","templated":true}]}}