{"id":742,"date":"2024-09-30T20:13:03","date_gmt":"2024-09-30T18:13:03","guid":{"rendered":"https:\/\/wgphoto.pl\/t\/?p=742"},"modified":"2024-09-30T20:13:03","modified_gmt":"2024-09-30T18:13:03","slug":"st43-366","status":"publish","type":"post","link":"https:\/\/wgphoto.pl\/t\/?p=742","title":{"rendered":"ST43-366"},"content":{"rendered":"\n<figure class=\"wp-block-image aligncenter size-full\"><img loading=\"lazy\" decoding=\"async\" width=\"1200\" height=\"675\" src=\"https:\/\/wgphoto.pl\/t\/wp-content\/uploads\/2024\/09\/0426-E.jpg\" alt=\"\" class=\"wp-image-743\" srcset=\"https:\/\/wgphoto.pl\/t\/wp-content\/uploads\/2024\/09\/0426-E.jpg 1200w, https:\/\/wgphoto.pl\/t\/wp-content\/uploads\/2024\/09\/0426-E-300x169.jpg 300w, https:\/\/wgphoto.pl\/t\/wp-content\/uploads\/2024\/09\/0426-E-768x432.jpg 768w\" sizes=\"auto, (max-width: 1200px) 100vw, 1200px\" \/><\/figure>\n\n\n\n<div class=\"wp-block-group has-global-padding is-layout-constrained wp-block-group-is-layout-constrained\">\n<p>Objazdowa &#8222;Horka&#8221; po krzy\u017cowaniu z IC &#8222;Wawel&#8221; odje\u017cd\u017ca z Rokitek w najgorszych warunkach do zdj\u0119\u0107: nade mn\u0105 deszcz, przede mn\u0105 przeja\u015bnienie. Tytu\u0142owa maszyna 15 lat p\u00f3\u017aniej okaza\u0142a si\u0119 by\u0107 ostatni\u0105 czynn\u0105 przedstawicielk\u0105 serii ST43. 29.09.2004<\/p>\n<\/div>\n","protected":false},"excerpt":{"rendered":"<p>Objazdowa &#8222;Horka&#8221; po krzy\u017cowaniu z IC &#8222;Wawel&#8221; odje\u017cd\u017ca z Rokitek w najgorszych warunkach do zdj\u0119\u0107: nade mn\u0105 deszcz, przede mn\u0105 przeja\u015bnienie. Tytu\u0142owa maszyna 15 lat p\u00f3\u017aniej okaza\u0142a si\u0119 by\u0107 ostatni\u0105 czynn\u0105 przedstawicielk\u0105 serii ST43. 29.09.2004<\/p>\n","protected":false},"author":1,"featured_media":743,"comment_status":"open","ping_status":"","sticky":false,"template":"","format":"standard","meta":{"footnotes":""},"categories":[62,2,61],"tags":[357,13,63,27,65,64,53,356],"class_list":["post-742","post","type-post","status-publish","format-standard","has-post-thumbnail","hentry","category-analog","category-kolej","category-rok-2004","tag-2004-09-29","tag-deszcz","tag-pkp","tag-polska","tag-rokitki","tag-st43","tag-sygnalizacja-ksztaltowa","tag-tab-pl270"],"_links":{"self":[{"href":"https:\/\/wgphoto.pl\/t\/index.php?rest_route=\/wp\/v2\/posts\/742","targetHints":{"allow":["GET"]}}],"collection":[{"href":"https:\/\/wgphoto.pl\/t\/index.php?rest_route=\/wp\/v2\/posts"}],"about":[{"href":"https:\/\/wgphoto.pl\/t\/index.php?rest_route=\/wp\/v2\/types\/post"}],"author":[{"embeddable":true,"href":"https:\/\/wgphoto.pl\/t\/index.php?rest_route=\/wp\/v2\/users\/1"}],"replies":[{"embeddable":true,"href":"https:\/\/wgphoto.pl\/t\/index.php?rest_route=%2Fwp%2Fv2%2Fcomments&post=742"}],"version-history":[{"count":1,"href":"https:\/\/wgphoto.pl\/t\/index.php?rest_route=\/wp\/v2\/posts\/742\/revisions"}],"predecessor-version":[{"id":744,"href":"https:\/\/wgphoto.pl\/t\/index.php?rest_route=\/wp\/v2\/posts\/742\/revisions\/744"}],"wp:featuredmedia":[{"embeddable":true,"href":"https:\/\/wgphoto.pl\/t\/index.php?rest_route=\/wp\/v2\/media\/743"}],"wp:attachment":[{"href":"https:\/\/wgphoto.pl\/t\/index.php?rest_route=%2Fwp%2Fv2%2Fmedia&parent=742"}],"wp:term":[{"taxonomy":"category","embeddable":true,"href":"https:\/\/wgphoto.pl\/t\/index.php?rest_route=%2Fwp%2Fv2%2Fcategories&post=742"},{"taxonomy":"post_tag","embeddable":true,"href":"https:\/\/wgphoto.pl\/t\/index.php?rest_route=%2Fwp%2Fv2%2Ftags&post=742"}],"curies":[{"name":"wp","href":"https:\/\/api.w.org\/{rel}","templated":true}]}}