{"id":7460,"date":"2024-12-12T16:38:33","date_gmt":"2024-12-12T15:38:33","guid":{"rendered":"https:\/\/wgphoto.pl\/t\/?p=7460"},"modified":"2024-12-12T16:38:33","modified_gmt":"2024-12-12T15:38:33","slug":"60-latek","status":"publish","type":"post","link":"https:\/\/wgphoto.pl\/t\/?p=7460","title":{"rendered":"60-latek"},"content":{"rendered":"\n<figure class=\"wp-block-image aligncenter size-full\"><img loading=\"lazy\" decoding=\"async\" width=\"1300\" height=\"861\" src=\"https:\/\/wgphoto.pl\/t\/wp-content\/uploads\/2024\/12\/IMGP5262.jpg\" alt=\"\" class=\"wp-image-7461\" srcset=\"https:\/\/wgphoto.pl\/t\/wp-content\/uploads\/2024\/12\/IMGP5262.jpg 1300w, https:\/\/wgphoto.pl\/t\/wp-content\/uploads\/2024\/12\/IMGP5262-300x199.jpg 300w, https:\/\/wgphoto.pl\/t\/wp-content\/uploads\/2024\/12\/IMGP5262-768x509.jpg 768w\" sizes=\"auto, (max-width: 1300px) 100vw, 1300px\" \/><\/figure>\n\n\n\n<div class=\"wp-block-group has-global-padding is-layout-constrained wp-block-group-is-layout-constrained\">\n<p>Sofia, ul. Pirotska, sk\u0142ad T4+B4 4208+4281. Ten zm\u0119czony \u017cyciem tramwaj w chwili wykonania zdj\u0119cia mia\u0142 ju\u017c 60 lat. Ostatnie 22 sp\u0119dzi\u0142 na bu\u0142garskich szynach, a wcze\u015bniej je\u017adzi\u0142 w Bonn. 09.11.2017<\/p>\n<\/div>\n","protected":false},"excerpt":{"rendered":"<p>Sofia, ul. Pirotska, sk\u0142ad T4+B4 4208+4281. Ten zm\u0119czony \u017cyciem tramwaj w chwili wykonania zdj\u0119cia mia\u0142 ju\u017c 60 lat. Ostatnie 22 sp\u0119dzi\u0142 na bu\u0142garskich szynach, a wcze\u015bniej je\u017adzi\u0142 w Bonn. 09.11.2017<\/p>\n","protected":false},"author":1,"featured_media":7461,"comment_status":"open","ping_status":"","sticky":false,"template":"","format":"standard","meta":{"footnotes":""},"categories":[368,3],"tags":[837,838,126,842,2580,839,840],"class_list":["post-7460","post","type-post","status-publish","format-standard","has-post-thumbnail","hentry","category-rok-2017","category-tramwaj","tag-2017-11-09","tag-bulgaria","tag-jesien","tag-sofia","tag-t4","tag-wakacje-2017","tag-840"],"_links":{"self":[{"href":"https:\/\/wgphoto.pl\/t\/index.php?rest_route=\/wp\/v2\/posts\/7460","targetHints":{"allow":["GET"]}}],"collection":[{"href":"https:\/\/wgphoto.pl\/t\/index.php?rest_route=\/wp\/v2\/posts"}],"about":[{"href":"https:\/\/wgphoto.pl\/t\/index.php?rest_route=\/wp\/v2\/types\/post"}],"author":[{"embeddable":true,"href":"https:\/\/wgphoto.pl\/t\/index.php?rest_route=\/wp\/v2\/users\/1"}],"replies":[{"embeddable":true,"href":"https:\/\/wgphoto.pl\/t\/index.php?rest_route=%2Fwp%2Fv2%2Fcomments&post=7460"}],"version-history":[{"count":1,"href":"https:\/\/wgphoto.pl\/t\/index.php?rest_route=\/wp\/v2\/posts\/7460\/revisions"}],"predecessor-version":[{"id":7462,"href":"https:\/\/wgphoto.pl\/t\/index.php?rest_route=\/wp\/v2\/posts\/7460\/revisions\/7462"}],"wp:featuredmedia":[{"embeddable":true,"href":"https:\/\/wgphoto.pl\/t\/index.php?rest_route=\/wp\/v2\/media\/7461"}],"wp:attachment":[{"href":"https:\/\/wgphoto.pl\/t\/index.php?rest_route=%2Fwp%2Fv2%2Fmedia&parent=7460"}],"wp:term":[{"taxonomy":"category","embeddable":true,"href":"https:\/\/wgphoto.pl\/t\/index.php?rest_route=%2Fwp%2Fv2%2Fcategories&post=7460"},{"taxonomy":"post_tag","embeddable":true,"href":"https:\/\/wgphoto.pl\/t\/index.php?rest_route=%2Fwp%2Fv2%2Ftags&post=7460"}],"curies":[{"name":"wp","href":"https:\/\/api.w.org\/{rel}","templated":true}]}}