{"id":7463,"date":"2024-12-12T16:39:32","date_gmt":"2024-12-12T15:39:32","guid":{"rendered":"https:\/\/wgphoto.pl\/t\/?p=7463"},"modified":"2024-12-12T16:39:32","modified_gmt":"2024-12-12T15:39:32","slug":"et21-495-jaworzyna-slaska","status":"publish","type":"post","link":"https:\/\/wgphoto.pl\/t\/?p=7463","title":{"rendered":"ET21-495, Jaworzyna \u015al\u0105ska"},"content":{"rendered":"\n<figure class=\"wp-block-image aligncenter size-full\"><img loading=\"lazy\" decoding=\"async\" width=\"1300\" height=\"862\" src=\"https:\/\/wgphoto.pl\/t\/wp-content\/uploads\/2024\/12\/2001e-18a.jpg\" alt=\"\" class=\"wp-image-7464\" srcset=\"https:\/\/wgphoto.pl\/t\/wp-content\/uploads\/2024\/12\/2001e-18a.jpg 1300w, https:\/\/wgphoto.pl\/t\/wp-content\/uploads\/2024\/12\/2001e-18a-300x199.jpg 300w, https:\/\/wgphoto.pl\/t\/wp-content\/uploads\/2024\/12\/2001e-18a-768x509.jpg 768w\" sizes=\"auto, (max-width: 1300px) 100vw, 1300px\" \/><\/figure>\n\n\n\n<div class=\"wp-block-group has-global-padding is-layout-constrained wp-block-group-is-layout-constrained\">\n<p>Tytu\u0142owa maszyna niedawno zosta\u0142a wyci\u0105gni\u0119ta z krzak\u00f3w i przywr\u00f3cona do ruchu, st\u0105d te\u017c jej wyblak\u0142a malatura. Zreszt\u0105 ca\u0142e foto wcale nie prezentuje si\u0119 lepiej. \ud83d\ude09 03.03.2001<\/p>\n<\/div>\n","protected":false},"excerpt":{"rendered":"<p>Tytu\u0142owa maszyna niedawno zosta\u0142a wyci\u0105gni\u0119ta z krzak\u00f3w i przywr\u00f3cona do ruchu, st\u0105d te\u017c jej wyblak\u0142a malatura. Zreszt\u0105 ca\u0142e foto wcale nie prezentuje si\u0119 lepiej. \ud83d\ude09 03.03.2001<\/p>\n","protected":false},"author":1,"featured_media":7464,"comment_status":"open","ping_status":"","sticky":false,"template":"","format":"standard","meta":{"footnotes":""},"categories":[62,2,940],"tags":[2581,198,366,63,27,200],"class_list":["post-7463","post","type-post","status-publish","format-standard","has-post-thumbnail","hentry","category-analog","category-kolej","category-rok-2001","tag-2001-03-03","tag-et21","tag-jaworzyna-slaska","tag-pkp","tag-polska","tag-tab-pl240"],"_links":{"self":[{"href":"https:\/\/wgphoto.pl\/t\/index.php?rest_route=\/wp\/v2\/posts\/7463","targetHints":{"allow":["GET"]}}],"collection":[{"href":"https:\/\/wgphoto.pl\/t\/index.php?rest_route=\/wp\/v2\/posts"}],"about":[{"href":"https:\/\/wgphoto.pl\/t\/index.php?rest_route=\/wp\/v2\/types\/post"}],"author":[{"embeddable":true,"href":"https:\/\/wgphoto.pl\/t\/index.php?rest_route=\/wp\/v2\/users\/1"}],"replies":[{"embeddable":true,"href":"https:\/\/wgphoto.pl\/t\/index.php?rest_route=%2Fwp%2Fv2%2Fcomments&post=7463"}],"version-history":[{"count":1,"href":"https:\/\/wgphoto.pl\/t\/index.php?rest_route=\/wp\/v2\/posts\/7463\/revisions"}],"predecessor-version":[{"id":7465,"href":"https:\/\/wgphoto.pl\/t\/index.php?rest_route=\/wp\/v2\/posts\/7463\/revisions\/7465"}],"wp:featuredmedia":[{"embeddable":true,"href":"https:\/\/wgphoto.pl\/t\/index.php?rest_route=\/wp\/v2\/media\/7464"}],"wp:attachment":[{"href":"https:\/\/wgphoto.pl\/t\/index.php?rest_route=%2Fwp%2Fv2%2Fmedia&parent=7463"}],"wp:term":[{"taxonomy":"category","embeddable":true,"href":"https:\/\/wgphoto.pl\/t\/index.php?rest_route=%2Fwp%2Fv2%2Fcategories&post=7463"},{"taxonomy":"post_tag","embeddable":true,"href":"https:\/\/wgphoto.pl\/t\/index.php?rest_route=%2Fwp%2Fv2%2Ftags&post=7463"}],"curies":[{"name":"wp","href":"https:\/\/api.w.org\/{rel}","templated":true}]}}