{"id":7487,"date":"2024-12-12T17:49:31","date_gmt":"2024-12-12T16:49:31","guid":{"rendered":"https:\/\/wgphoto.pl\/t\/?p=7487"},"modified":"2024-12-12T17:49:31","modified_gmt":"2024-12-12T16:49:31","slug":"bardo","status":"publish","type":"post","link":"https:\/\/wgphoto.pl\/t\/?p=7487","title":{"rendered":"Bardo"},"content":{"rendered":"\n<figure class=\"wp-block-image aligncenter size-full\"><img loading=\"lazy\" decoding=\"async\" width=\"1400\" height=\"927\" src=\"https:\/\/wgphoto.pl\/t\/wp-content\/uploads\/2024\/12\/IMGP0730.jpg\" alt=\"\" class=\"wp-image-7488\" srcset=\"https:\/\/wgphoto.pl\/t\/wp-content\/uploads\/2024\/12\/IMGP0730.jpg 1400w, https:\/\/wgphoto.pl\/t\/wp-content\/uploads\/2024\/12\/IMGP0730-300x199.jpg 300w, https:\/\/wgphoto.pl\/t\/wp-content\/uploads\/2024\/12\/IMGP0730-768x509.jpg 768w\" sizes=\"auto, (max-width: 1400px) 100vw, 1400px\" \/><\/figure>\n\n\n\n<div class=\"wp-block-group has-global-padding is-layout-constrained wp-block-group-is-layout-constrained\">\n<p>SA134-023(?) realizuje kurs relacji Wroc\u0142aw G\u0142. &#8211; Lichkov. Pojazd spalinowy jecha\u0142 na odcinku Kamieniec Z\u0105bkowicki &#8211; K\u0142odzko Miasto, na wcze\u015bniejszym pasa\u017cerowie podr\u00f3\u017cowali sk\u0142adem elektrycznym, za\u015b na dalszym &#8211; autobusem. Taki stan rzeczy wynika\u0142 z remontu linii Wroc\u0142aw &#8211; Mi\u0119dzylesie w powi\u0105zaniu ze szkodami po powodzi. 30.11.2024<\/p>\n<\/div>\n","protected":false},"excerpt":{"rendered":"<p>SA134-023(?) realizuje kurs relacji Wroc\u0142aw G\u0142. &#8211; Lichkov. Pojazd spalinowy jecha\u0142 na odcinku Kamieniec Z\u0105bkowicki &#8211; K\u0142odzko Miasto, na wcze\u015bniejszym pasa\u017cerowie podr\u00f3\u017cowali sk\u0142adem elektrycznym, za\u015b na dalszym &#8211; autobusem. Taki stan rzeczy wynika\u0142 z remontu linii Wroc\u0142aw &#8211; Mi\u0119dzylesie w powi\u0105zaniu ze szkodami po powodzi. 30.11.2024<\/p>\n","protected":false},"author":1,"featured_media":7488,"comment_status":"open","ping_status":"","sticky":false,"template":"","format":"standard","meta":{"footnotes":""},"categories":[2,5],"tags":[2587,34,1227,402,27,73,2586,383],"class_list":["post-7487","post","type-post","status-publish","format-standard","has-post-thumbnail","hentry","category-kolej","category-2024r","tag-2024-11-30","tag-architektura","tag-bardo-slaskie","tag-kd","tag-polska","tag-rzeka","tag-sa134","tag-tab-pl230"],"_links":{"self":[{"href":"https:\/\/wgphoto.pl\/t\/index.php?rest_route=\/wp\/v2\/posts\/7487","targetHints":{"allow":["GET"]}}],"collection":[{"href":"https:\/\/wgphoto.pl\/t\/index.php?rest_route=\/wp\/v2\/posts"}],"about":[{"href":"https:\/\/wgphoto.pl\/t\/index.php?rest_route=\/wp\/v2\/types\/post"}],"author":[{"embeddable":true,"href":"https:\/\/wgphoto.pl\/t\/index.php?rest_route=\/wp\/v2\/users\/1"}],"replies":[{"embeddable":true,"href":"https:\/\/wgphoto.pl\/t\/index.php?rest_route=%2Fwp%2Fv2%2Fcomments&post=7487"}],"version-history":[{"count":1,"href":"https:\/\/wgphoto.pl\/t\/index.php?rest_route=\/wp\/v2\/posts\/7487\/revisions"}],"predecessor-version":[{"id":7489,"href":"https:\/\/wgphoto.pl\/t\/index.php?rest_route=\/wp\/v2\/posts\/7487\/revisions\/7489"}],"wp:featuredmedia":[{"embeddable":true,"href":"https:\/\/wgphoto.pl\/t\/index.php?rest_route=\/wp\/v2\/media\/7488"}],"wp:attachment":[{"href":"https:\/\/wgphoto.pl\/t\/index.php?rest_route=%2Fwp%2Fv2%2Fmedia&parent=7487"}],"wp:term":[{"taxonomy":"category","embeddable":true,"href":"https:\/\/wgphoto.pl\/t\/index.php?rest_route=%2Fwp%2Fv2%2Fcategories&post=7487"},{"taxonomy":"post_tag","embeddable":true,"href":"https:\/\/wgphoto.pl\/t\/index.php?rest_route=%2Fwp%2Fv2%2Ftags&post=7487"}],"curies":[{"name":"wp","href":"https:\/\/api.w.org\/{rel}","templated":true}]}}