{"id":7501,"date":"2024-12-13T18:04:11","date_gmt":"2024-12-13T17:04:11","guid":{"rendered":"https:\/\/wgphoto.pl\/t\/?p=7501"},"modified":"2024-12-13T18:04:11","modified_gmt":"2024-12-13T17:04:11","slug":"daugavpils-godzina-536","status":"publish","type":"post","link":"https:\/\/wgphoto.pl\/t\/?p=7501","title":{"rendered":"Daugavpils, godzina 5:36"},"content":{"rendered":"\n<figure class=\"wp-block-image aligncenter size-full\"><img loading=\"lazy\" decoding=\"async\" width=\"1200\" height=\"803\" src=\"https:\/\/wgphoto.pl\/t\/wp-content\/uploads\/2024\/12\/IMGP4073.jpg\" alt=\"\" class=\"wp-image-7502\" srcset=\"https:\/\/wgphoto.pl\/t\/wp-content\/uploads\/2024\/12\/IMGP4073.jpg 1200w, https:\/\/wgphoto.pl\/t\/wp-content\/uploads\/2024\/12\/IMGP4073-300x201.jpg 300w, https:\/\/wgphoto.pl\/t\/wp-content\/uploads\/2024\/12\/IMGP4073-768x514.jpg 768w\" sizes=\"auto, (max-width: 1200px) 100vw, 1200px\" \/><\/figure>\n\n\n\n<div class=\"wp-block-group has-global-padding is-layout-constrained wp-block-group-is-layout-constrained\">\n<p>Litewska M62K-1091 poprowadzi poci\u0105g do Wilna (ale sk\u0105d &#8211; tego nie wiem), a na pierwszym torze stoi sk\u0142ad \u0142otewskich spalinowych jednostek DR1, kt\u00f3ry odjedzie za chwil\u0119 do Rygi. 30.05.2013<\/p>\n<\/div>\n","protected":false},"excerpt":{"rendered":"<p>Litewska M62K-1091 poprowadzi poci\u0105g do Wilna (ale sk\u0105d &#8211; tego nie wiem), a na pierwszym torze stoi sk\u0142ad \u0142otewskich spalinowych jednostek DR1, kt\u00f3ry odjedzie za chwil\u0119 do Rygi. 30.05.2013<\/p>\n","protected":false},"author":1,"featured_media":7502,"comment_status":"open","ping_status":"","sticky":false,"template":"","format":"standard","meta":{"footnotes":""},"categories":[2,55],"tags":[60,2591,2592,612,616,249,58,2593,56,1538,176],"class_list":["post-7501","post","type-post","status-publish","format-standard","has-post-thumbnail","hentry","category-kolej","category-rok-2013","tag-2013-05-30","tag-daugavpils","tag-dr1","tag-druga-majowka-2013","tag-dyneburg","tag-goscinne-wystepy","tag-ldz","tag-lg","tag-lotwa","tag-m62","tag-rano"],"_links":{"self":[{"href":"https:\/\/wgphoto.pl\/t\/index.php?rest_route=\/wp\/v2\/posts\/7501","targetHints":{"allow":["GET"]}}],"collection":[{"href":"https:\/\/wgphoto.pl\/t\/index.php?rest_route=\/wp\/v2\/posts"}],"about":[{"href":"https:\/\/wgphoto.pl\/t\/index.php?rest_route=\/wp\/v2\/types\/post"}],"author":[{"embeddable":true,"href":"https:\/\/wgphoto.pl\/t\/index.php?rest_route=\/wp\/v2\/users\/1"}],"replies":[{"embeddable":true,"href":"https:\/\/wgphoto.pl\/t\/index.php?rest_route=%2Fwp%2Fv2%2Fcomments&post=7501"}],"version-history":[{"count":1,"href":"https:\/\/wgphoto.pl\/t\/index.php?rest_route=\/wp\/v2\/posts\/7501\/revisions"}],"predecessor-version":[{"id":7503,"href":"https:\/\/wgphoto.pl\/t\/index.php?rest_route=\/wp\/v2\/posts\/7501\/revisions\/7503"}],"wp:featuredmedia":[{"embeddable":true,"href":"https:\/\/wgphoto.pl\/t\/index.php?rest_route=\/wp\/v2\/media\/7502"}],"wp:attachment":[{"href":"https:\/\/wgphoto.pl\/t\/index.php?rest_route=%2Fwp%2Fv2%2Fmedia&parent=7501"}],"wp:term":[{"taxonomy":"category","embeddable":true,"href":"https:\/\/wgphoto.pl\/t\/index.php?rest_route=%2Fwp%2Fv2%2Fcategories&post=7501"},{"taxonomy":"post_tag","embeddable":true,"href":"https:\/\/wgphoto.pl\/t\/index.php?rest_route=%2Fwp%2Fv2%2Ftags&post=7501"}],"curies":[{"name":"wp","href":"https:\/\/api.w.org\/{rel}","templated":true}]}}