{"id":7504,"date":"2024-12-13T18:05:15","date_gmt":"2024-12-13T17:05:15","guid":{"rendered":"https:\/\/wgphoto.pl\/t\/?p=7504"},"modified":"2024-12-13T18:05:15","modified_gmt":"2024-12-13T17:05:15","slug":"pendolino-pod-sniezka","status":"publish","type":"post","link":"https:\/\/wgphoto.pl\/t\/?p=7504","title":{"rendered":"Pendolino pod \u015anie\u017ck\u0105"},"content":{"rendered":"\n<figure class=\"wp-block-image aligncenter size-full\"><img loading=\"lazy\" decoding=\"async\" width=\"1200\" height=\"795\" src=\"https:\/\/wgphoto.pl\/t\/wp-content\/uploads\/2024\/12\/imgp9860-1.jpg\" alt=\"\" class=\"wp-image-7506\" srcset=\"https:\/\/wgphoto.pl\/t\/wp-content\/uploads\/2024\/12\/imgp9860-1.jpg 1200w, https:\/\/wgphoto.pl\/t\/wp-content\/uploads\/2024\/12\/imgp9860-1-300x199.jpg 300w, https:\/\/wgphoto.pl\/t\/wp-content\/uploads\/2024\/12\/imgp9860-1-768x509.jpg 768w\" sizes=\"auto, (max-width: 1200px) 100vw, 1200px\" \/><\/figure>\n\n\n\n<div class=\"wp-block-group has-global-padding is-layout-constrained wp-block-group-is-layout-constrained\">\n<p>ED250-012 jako EIP 6104 z Jeleniej G\u00f3ry do Warszawy Wschodniej przemierza g\u00f3rzyste tereny Dolnego \u015al\u0105ska, zostawiaj\u0105c za sob\u0105 panoram\u0119 Karkonoszy wraz ze \u015anie\u017ck\u0105. Nie jest to \u0142atwy poci\u0105g do fotografowania, bo najciekawszym odcinkiem jedzie tu\u017c po \u015bwicie oraz nie da si\u0119 rano wyjecha\u0107 mu naprzeciw poci\u0105giem z Wroc\u0142awia dalej ni\u017c do Wa\u0142brzycha. 07.07.2018<\/p>\n<\/div>\n","protected":false},"excerpt":{"rendered":"<p>ED250-012 jako EIP 6104 z Jeleniej G\u00f3ry do Warszawy Wschodniej przemierza g\u00f3rzyste tereny Dolnego \u015al\u0105ska, zostawiaj\u0105c za sob\u0105 panoram\u0119 Karkonoszy wraz ze \u015anie\u017ck\u0105. Nie jest to \u0142atwy poci\u0105g do fotografowania, bo najciekawszym odcinkiem jedzie tu\u017c po \u015bwicie oraz nie da si\u0119 rano wyjecha\u0107 mu naprzeciw poci\u0105giem z Wroc\u0142awia dalej ni\u017c do Wa\u0142brzycha. 07.07.2018<\/p>\n","protected":false},"author":1,"featured_media":7506,"comment_status":"open","ping_status":"","sticky":false,"template":"","format":"standard","meta":{"footnotes":""},"categories":[2,156],"tags":[2594,2054,114,113,754,63,27,176,1061,200,1433],"class_list":["post-7504","post","type-post","status-publish","format-standard","has-post-thumbnail","hentry","category-kolej","category-rok-2018","tag-2018-07-07","tag-ed250","tag-gory","tag-landszaft","tag-pendolino","tag-pkp","tag-polska","tag-rano","tag-sedzislaw","tag-tab-pl240","tag-witkow-slaski"],"_links":{"self":[{"href":"https:\/\/wgphoto.pl\/t\/index.php?rest_route=\/wp\/v2\/posts\/7504","targetHints":{"allow":["GET"]}}],"collection":[{"href":"https:\/\/wgphoto.pl\/t\/index.php?rest_route=\/wp\/v2\/posts"}],"about":[{"href":"https:\/\/wgphoto.pl\/t\/index.php?rest_route=\/wp\/v2\/types\/post"}],"author":[{"embeddable":true,"href":"https:\/\/wgphoto.pl\/t\/index.php?rest_route=\/wp\/v2\/users\/1"}],"replies":[{"embeddable":true,"href":"https:\/\/wgphoto.pl\/t\/index.php?rest_route=%2Fwp%2Fv2%2Fcomments&post=7504"}],"version-history":[{"count":1,"href":"https:\/\/wgphoto.pl\/t\/index.php?rest_route=\/wp\/v2\/posts\/7504\/revisions"}],"predecessor-version":[{"id":7507,"href":"https:\/\/wgphoto.pl\/t\/index.php?rest_route=\/wp\/v2\/posts\/7504\/revisions\/7507"}],"wp:featuredmedia":[{"embeddable":true,"href":"https:\/\/wgphoto.pl\/t\/index.php?rest_route=\/wp\/v2\/media\/7506"}],"wp:attachment":[{"href":"https:\/\/wgphoto.pl\/t\/index.php?rest_route=%2Fwp%2Fv2%2Fmedia&parent=7504"}],"wp:term":[{"taxonomy":"category","embeddable":true,"href":"https:\/\/wgphoto.pl\/t\/index.php?rest_route=%2Fwp%2Fv2%2Fcategories&post=7504"},{"taxonomy":"post_tag","embeddable":true,"href":"https:\/\/wgphoto.pl\/t\/index.php?rest_route=%2Fwp%2Fv2%2Ftags&post=7504"}],"curies":[{"name":"wp","href":"https:\/\/api.w.org\/{rel}","templated":true}]}}