{"id":7524,"date":"2024-12-13T18:14:28","date_gmt":"2024-12-13T17:14:28","guid":{"rendered":"https:\/\/wgphoto.pl\/t\/?p=7524"},"modified":"2025-12-21T20:29:54","modified_gmt":"2025-12-21T19:29:54","slug":"promocja-dobiega-konca","status":"publish","type":"post","link":"https:\/\/wgphoto.pl\/t\/?p=7524","title":{"rendered":"Promocja dobiega ko\u0144ca"},"content":{"rendered":"\n<figure class=\"wp-block-image aligncenter size-full\"><img loading=\"lazy\" decoding=\"async\" width=\"1200\" height=\"800\" src=\"https:\/\/wgphoto.pl\/t\/wp-content\/uploads\/2024\/12\/IMGP9697.jpg\" alt=\"\" class=\"wp-image-7525\" srcset=\"https:\/\/wgphoto.pl\/t\/wp-content\/uploads\/2024\/12\/IMGP9697.jpg 1200w, https:\/\/wgphoto.pl\/t\/wp-content\/uploads\/2024\/12\/IMGP9697-300x200.jpg 300w, https:\/\/wgphoto.pl\/t\/wp-content\/uploads\/2024\/12\/IMGP9697-768x512.jpg 768w\" sizes=\"auto, (max-width: 1200px) 100vw, 1200px\" \/><\/figure>\n\n\n\n<div class=\"wp-block-group has-global-padding is-layout-constrained wp-block-group-is-layout-constrained\">\n<p>Wroc\u0142aw, p\u0119tla Osobowice, a na niej dwa Moderusy pierwszej serii oraz ostatni czterodrzwiowy rodzynek.<br>Nag\u0142e zamkni\u0119cie jednego kierunku ruchu dla tramwaj\u00f3w na mo\u015bcie Sikorskiego oraz jednoczesny remont skrzy\u017cowania ulic Kazimierza Wielkiego i Ruskiej (brak mo\u017cliwo\u015bci poprowadzenia tam\u017ce objazdu zamkni\u0119tego mostu) wymusi\u0142y powstanie takiego dziwol\u0105ga jak linia 0 jad\u0105ca z WPP po trasie 23 do pl. Jana Paw\u0142a II, nast\u0119pnie 3\/4 ko\u0142a po trasie zer\u00f3wki do pl. Staszica i dalej po trasie 14\/24 na Osobowice. Kilka brygad tej linii przypad\u0142o zajezdni Gaj, co pozwoli\u0142o od\u015bwie\u017cy\u0107 znajomo\u015b\u0107 sennej trasy wiod\u0105cej ulic\u0105 Osobowick\u0105 pracownikom tego\u017c zak\u0142adu. Jutro skrzy\u017cowanie Ruska x Kazimierza Wielkiego zostanie otwarte, zer\u00f3wka wr\u00f3ci na tras\u0119 ok\u00f3ln\u0105, a zajezdnia Gaj przestanie zagl\u0105da\u0107 na prezentowan\u0105 wy\u017cej p\u0119tl\u0119.<br>Wyczerpa\u0142o mnie to kalendarium &#8211; wi\u0119cej nie b\u0119d\u0119. \ud83d\ude09 2018-06-23<\/p>\n<\/div>\n","protected":false},"excerpt":{"rendered":"<p>Wroc\u0142aw, p\u0119tla Osobowice, a na niej dwa Moderusy pierwszej serii oraz ostatni czterodrzwiowy rodzynek.Nag\u0142e zamkni\u0119cie jednego kierunku ruchu dla tramwaj\u00f3w na mo\u015bcie Sikorskiego oraz jednoczesny remont skrzy\u017cowania ulic Kazimierza Wielkiego i Ruskiej (brak mo\u017cliwo\u015bci poprowadzenia tam\u017ce objazdu zamkni\u0119tego mostu) wymusi\u0142y powstanie takiego dziwol\u0105ga jak linia 0 jad\u0105ca z WPP po trasie 23 do pl. Jana [&hellip;]<\/p>\n","protected":false},"author":1,"featured_media":7525,"comment_status":"open","ping_status":"","sticky":false,"template":"","format":"standard","meta":{"footnotes":""},"categories":[156,3],"tags":[155,2598,4603,501,42,27,439,90,41],"class_list":["post-7524","post","type-post","status-publish","format-standard","has-post-thumbnail","hentry","category-rok-2018","category-tramwaj","tag-105na","tag-2018-06-23","tag-mf19ac","tag-moderus-beta","tag-mpk-wroclaw","tag-polska","tag-we-fabryce","tag-wieczorem","tag-wroclaw"],"_links":{"self":[{"href":"https:\/\/wgphoto.pl\/t\/index.php?rest_route=\/wp\/v2\/posts\/7524","targetHints":{"allow":["GET"]}}],"collection":[{"href":"https:\/\/wgphoto.pl\/t\/index.php?rest_route=\/wp\/v2\/posts"}],"about":[{"href":"https:\/\/wgphoto.pl\/t\/index.php?rest_route=\/wp\/v2\/types\/post"}],"author":[{"embeddable":true,"href":"https:\/\/wgphoto.pl\/t\/index.php?rest_route=\/wp\/v2\/users\/1"}],"replies":[{"embeddable":true,"href":"https:\/\/wgphoto.pl\/t\/index.php?rest_route=%2Fwp%2Fv2%2Fcomments&post=7524"}],"version-history":[{"count":1,"href":"https:\/\/wgphoto.pl\/t\/index.php?rest_route=\/wp\/v2\/posts\/7524\/revisions"}],"predecessor-version":[{"id":7526,"href":"https:\/\/wgphoto.pl\/t\/index.php?rest_route=\/wp\/v2\/posts\/7524\/revisions\/7526"}],"wp:featuredmedia":[{"embeddable":true,"href":"https:\/\/wgphoto.pl\/t\/index.php?rest_route=\/wp\/v2\/media\/7525"}],"wp:attachment":[{"href":"https:\/\/wgphoto.pl\/t\/index.php?rest_route=%2Fwp%2Fv2%2Fmedia&parent=7524"}],"wp:term":[{"taxonomy":"category","embeddable":true,"href":"https:\/\/wgphoto.pl\/t\/index.php?rest_route=%2Fwp%2Fv2%2Fcategories&post=7524"},{"taxonomy":"post_tag","embeddable":true,"href":"https:\/\/wgphoto.pl\/t\/index.php?rest_route=%2Fwp%2Fv2%2Ftags&post=7524"}],"curies":[{"name":"wp","href":"https:\/\/api.w.org\/{rel}","templated":true}]}}