{"id":7527,"date":"2024-12-13T18:15:28","date_gmt":"2024-12-13T17:15:28","guid":{"rendered":"https:\/\/wgphoto.pl\/t\/?p=7527"},"modified":"2024-12-13T18:15:28","modified_gmt":"2024-12-13T17:15:28","slug":"kabel-switlo-elektryka","status":"publish","type":"post","link":"https:\/\/wgphoto.pl\/t\/?p=7527","title":{"rendered":"Kabel swit\u0142o elektryka"},"content":{"rendered":"\n<figure class=\"wp-block-image aligncenter size-full\"><img loading=\"lazy\" decoding=\"async\" width=\"1200\" height=\"803\" src=\"https:\/\/wgphoto.pl\/t\/wp-content\/uploads\/2024\/12\/IMGP8821.jpg\" alt=\"\" class=\"wp-image-7528\" srcset=\"https:\/\/wgphoto.pl\/t\/wp-content\/uploads\/2024\/12\/IMGP8821.jpg 1200w, https:\/\/wgphoto.pl\/t\/wp-content\/uploads\/2024\/12\/IMGP8821-300x201.jpg 300w, https:\/\/wgphoto.pl\/t\/wp-content\/uploads\/2024\/12\/IMGP8821-768x514.jpg 768w\" sizes=\"auto, (max-width: 1200px) 100vw, 1200px\" \/><\/figure>\n\n\n\n<div class=\"wp-block-group has-global-padding is-layout-constrained wp-block-group-is-layout-constrained\">\n<p>Lw\u00f3w, ul. Bohdana Chmielnickiego. Tramwaj &#8222;m\u00f3wi\u0105cy&#8221; sam o sobie tak jak w tytule jedzie typow\u0105 \u015br\u00f3dmiejsk\u0105 ulic\u0105, kt\u00f3ra obecnie, z tego co widz\u0119 na streetview, nie posiada ju\u017c takiej klimatycznej, brukowanej nawierzchni. 26.08.2009<\/p>\n<\/div>\n","protected":false},"excerpt":{"rendered":"<p>Lw\u00f3w, ul. Bohdana Chmielnickiego. Tramwaj &#8222;m\u00f3wi\u0105cy&#8221; sam o sobie tak jak w tytule jedzie typow\u0105 \u015br\u00f3dmiejsk\u0105 ulic\u0105, kt\u00f3ra obecnie, z tego co widz\u0119 na streetview, nie posiada ju\u017c takiej klimatycznej, brukowanej nawierzchni. 26.08.2009<\/p>\n","protected":false},"author":1,"featured_media":7528,"comment_status":"open","ping_status":"","sticky":false,"template":"","format":"standard","meta":{"footnotes":""},"categories":[169,3],"tags":[975,974,33,453],"class_list":["post-7527","post","type-post","status-publish","format-standard","has-post-thumbnail","hentry","category-rok-2009","category-tramwaj","tag-2009-08-26","tag-lwow","tag-tatra-kt4","tag-ukraina"],"_links":{"self":[{"href":"https:\/\/wgphoto.pl\/t\/index.php?rest_route=\/wp\/v2\/posts\/7527","targetHints":{"allow":["GET"]}}],"collection":[{"href":"https:\/\/wgphoto.pl\/t\/index.php?rest_route=\/wp\/v2\/posts"}],"about":[{"href":"https:\/\/wgphoto.pl\/t\/index.php?rest_route=\/wp\/v2\/types\/post"}],"author":[{"embeddable":true,"href":"https:\/\/wgphoto.pl\/t\/index.php?rest_route=\/wp\/v2\/users\/1"}],"replies":[{"embeddable":true,"href":"https:\/\/wgphoto.pl\/t\/index.php?rest_route=%2Fwp%2Fv2%2Fcomments&post=7527"}],"version-history":[{"count":1,"href":"https:\/\/wgphoto.pl\/t\/index.php?rest_route=\/wp\/v2\/posts\/7527\/revisions"}],"predecessor-version":[{"id":7529,"href":"https:\/\/wgphoto.pl\/t\/index.php?rest_route=\/wp\/v2\/posts\/7527\/revisions\/7529"}],"wp:featuredmedia":[{"embeddable":true,"href":"https:\/\/wgphoto.pl\/t\/index.php?rest_route=\/wp\/v2\/media\/7528"}],"wp:attachment":[{"href":"https:\/\/wgphoto.pl\/t\/index.php?rest_route=%2Fwp%2Fv2%2Fmedia&parent=7527"}],"wp:term":[{"taxonomy":"category","embeddable":true,"href":"https:\/\/wgphoto.pl\/t\/index.php?rest_route=%2Fwp%2Fv2%2Fcategories&post=7527"},{"taxonomy":"post_tag","embeddable":true,"href":"https:\/\/wgphoto.pl\/t\/index.php?rest_route=%2Fwp%2Fv2%2Ftags&post=7527"}],"curies":[{"name":"wp","href":"https:\/\/api.w.org\/{rel}","templated":true}]}}