{"id":7530,"date":"2024-12-13T18:16:39","date_gmt":"2024-12-13T17:16:39","guid":{"rendered":"https:\/\/wgphoto.pl\/t\/?p=7530"},"modified":"2024-12-13T18:16:39","modified_gmt":"2024-12-13T17:16:39","slug":"sniezka-sniezna","status":"publish","type":"post","link":"https:\/\/wgphoto.pl\/t\/?p=7530","title":{"rendered":"&#8222;\u015anie\u017cka&#8221; \u015bnie\u017cna"},"content":{"rendered":"\n<figure class=\"wp-block-image aligncenter size-full\"><img loading=\"lazy\" decoding=\"async\" width=\"1200\" height=\"800\" src=\"https:\/\/wgphoto.pl\/t\/wp-content\/uploads\/2024\/12\/0231-09.jpg\" alt=\"\" class=\"wp-image-7531\" srcset=\"https:\/\/wgphoto.pl\/t\/wp-content\/uploads\/2024\/12\/0231-09.jpg 1200w, https:\/\/wgphoto.pl\/t\/wp-content\/uploads\/2024\/12\/0231-09-300x200.jpg 300w, https:\/\/wgphoto.pl\/t\/wp-content\/uploads\/2024\/12\/0231-09-768x512.jpg 768w\" sizes=\"auto, (max-width: 1200px) 100vw, 1200px\" \/><\/figure>\n\n\n\n<div class=\"wp-block-group has-global-padding is-layout-constrained wp-block-group-is-layout-constrained\">\n<p>EU07-485 z poci\u0105giem pospiesznym 63100 &#8222;\u015anie\u017cka&#8221; relacji Jelenia G\u00f3ra &#8211; Krak\u00f3w (przez Jaworzyn\u0119 \u015al.) pokonuje szlak Marcisz\u00f3w &#8211; S\u0119dzis\u0142aw. W tamtym okresie zaczyna\u0142em miewa\u0107 przeb\u0142yski w zakresie komponowania kadr\u00f3w z jakim\u015b zamys\u0142em oraz \u015bwiadomego umieszczania na zdj\u0119ciu poszczeg\u00f3lnych element\u00f3w, dlatego te\u017c celowo znalaz\u0142y si\u0119 tutaj te trzy drzewa aby lokomotyw\u0119 z\u0142apa\u0107 w &#8222;ramce&#8221;. Nawet dzisiaj podoba mi si\u0119 ten kadr i niczego bym w nim nie poprawi\u0142. 2002-12-27<\/p>\n<\/div>\n","protected":false},"excerpt":{"rendered":"<p>EU07-485 z poci\u0105giem pospiesznym 63100 &#8222;\u015anie\u017cka&#8221; relacji Jelenia G\u00f3ra &#8211; Krak\u00f3w (przez Jaworzyn\u0119 \u015al.) pokonuje szlak Marcisz\u00f3w &#8211; S\u0119dzis\u0142aw. W tamtym okresie zaczyna\u0142em miewa\u0107 przeb\u0142yski w zakresie komponowania kadr\u00f3w z jakim\u015b zamys\u0142em oraz \u015bwiadomego umieszczania na zdj\u0119ciu poszczeg\u00f3lnych element\u00f3w, dlatego te\u017c celowo znalaz\u0142y si\u0119 tutaj te trzy drzewa aby lokomotyw\u0119 z\u0142apa\u0107 w &#8222;ramce&#8221;. Nawet dzisiaj [&hellip;]<\/p>\n","protected":false},"author":1,"featured_media":7531,"comment_status":"open","ping_status":"","sticky":false,"template":"","format":"standard","meta":{"footnotes":""},"categories":[62,2,577],"tags":[2599,122,83,63,27,1061,44,200],"class_list":["post-7530","post","type-post","status-publish","format-standard","has-post-thumbnail","hentry","category-analog","category-kolej","category-rok-2002","tag-2002-12-27","tag-eu07","tag-marciszow","tag-pkp","tag-polska","tag-sedzislaw","tag-snieg","tag-tab-pl240"],"_links":{"self":[{"href":"https:\/\/wgphoto.pl\/t\/index.php?rest_route=\/wp\/v2\/posts\/7530","targetHints":{"allow":["GET"]}}],"collection":[{"href":"https:\/\/wgphoto.pl\/t\/index.php?rest_route=\/wp\/v2\/posts"}],"about":[{"href":"https:\/\/wgphoto.pl\/t\/index.php?rest_route=\/wp\/v2\/types\/post"}],"author":[{"embeddable":true,"href":"https:\/\/wgphoto.pl\/t\/index.php?rest_route=\/wp\/v2\/users\/1"}],"replies":[{"embeddable":true,"href":"https:\/\/wgphoto.pl\/t\/index.php?rest_route=%2Fwp%2Fv2%2Fcomments&post=7530"}],"version-history":[{"count":1,"href":"https:\/\/wgphoto.pl\/t\/index.php?rest_route=\/wp\/v2\/posts\/7530\/revisions"}],"predecessor-version":[{"id":7532,"href":"https:\/\/wgphoto.pl\/t\/index.php?rest_route=\/wp\/v2\/posts\/7530\/revisions\/7532"}],"wp:featuredmedia":[{"embeddable":true,"href":"https:\/\/wgphoto.pl\/t\/index.php?rest_route=\/wp\/v2\/media\/7531"}],"wp:attachment":[{"href":"https:\/\/wgphoto.pl\/t\/index.php?rest_route=%2Fwp%2Fv2%2Fmedia&parent=7530"}],"wp:term":[{"taxonomy":"category","embeddable":true,"href":"https:\/\/wgphoto.pl\/t\/index.php?rest_route=%2Fwp%2Fv2%2Fcategories&post=7530"},{"taxonomy":"post_tag","embeddable":true,"href":"https:\/\/wgphoto.pl\/t\/index.php?rest_route=%2Fwp%2Fv2%2Ftags&post=7530"}],"curies":[{"name":"wp","href":"https:\/\/api.w.org\/{rel}","templated":true}]}}