{"id":7533,"date":"2024-12-13T18:17:37","date_gmt":"2024-12-13T17:17:37","guid":{"rendered":"https:\/\/wgphoto.pl\/t\/?p=7533"},"modified":"2024-12-13T18:17:37","modified_gmt":"2024-12-13T17:17:37","slug":"sniezka-bezsniezna","status":"publish","type":"post","link":"https:\/\/wgphoto.pl\/t\/?p=7533","title":{"rendered":"&#8222;\u015anie\u017cka&#8221; bez\u015bnie\u017cna"},"content":{"rendered":"\n<figure class=\"wp-block-image aligncenter size-full\"><img loading=\"lazy\" decoding=\"async\" width=\"1200\" height=\"800\" src=\"https:\/\/wgphoto.pl\/t\/wp-content\/uploads\/2024\/12\/0402-16.jpg\" alt=\"\" class=\"wp-image-7534\" srcset=\"https:\/\/wgphoto.pl\/t\/wp-content\/uploads\/2024\/12\/0402-16.jpg 1200w, https:\/\/wgphoto.pl\/t\/wp-content\/uploads\/2024\/12\/0402-16-300x200.jpg 300w, https:\/\/wgphoto.pl\/t\/wp-content\/uploads\/2024\/12\/0402-16-768x512.jpg 768w\" sizes=\"auto, (max-width: 1200px) 100vw, 1200px\" \/><\/figure>\n\n\n\n<div class=\"wp-block-group has-global-padding is-layout-constrained wp-block-group-is-layout-constrained\">\n<p>ET22-080 z poci\u0105giem jeszcze na tym odcinku osobowym 63520 &#8222;\u015anie\u017cka&#8221; z Jeleniej G\u00f3ry do Krakowa (przez K\u0142odzko i Nys\u0119) mija Marcisz\u00f3w. 2004-02-08<\/p>\n<\/div>\n","protected":false},"excerpt":{"rendered":"<p>ET22-080 z poci\u0105giem jeszcze na tym odcinku osobowym 63520 &#8222;\u015anie\u017cka&#8221; z Jeleniej G\u00f3ry do Krakowa (przez K\u0142odzko i Nys\u0119) mija Marcisz\u00f3w. 2004-02-08<\/p>\n","protected":false},"author":1,"featured_media":7534,"comment_status":"open","ping_status":"","sticky":false,"template":"","format":"standard","meta":{"footnotes":""},"categories":[62,2,61],"tags":[973,26,83,63,27,1061,200],"class_list":["post-7533","post","type-post","status-publish","format-standard","has-post-thumbnail","hentry","category-analog","category-kolej","category-rok-2004","tag-2004-02-08","tag-et22","tag-marciszow","tag-pkp","tag-polska","tag-sedzislaw","tag-tab-pl240"],"_links":{"self":[{"href":"https:\/\/wgphoto.pl\/t\/index.php?rest_route=\/wp\/v2\/posts\/7533","targetHints":{"allow":["GET"]}}],"collection":[{"href":"https:\/\/wgphoto.pl\/t\/index.php?rest_route=\/wp\/v2\/posts"}],"about":[{"href":"https:\/\/wgphoto.pl\/t\/index.php?rest_route=\/wp\/v2\/types\/post"}],"author":[{"embeddable":true,"href":"https:\/\/wgphoto.pl\/t\/index.php?rest_route=\/wp\/v2\/users\/1"}],"replies":[{"embeddable":true,"href":"https:\/\/wgphoto.pl\/t\/index.php?rest_route=%2Fwp%2Fv2%2Fcomments&post=7533"}],"version-history":[{"count":1,"href":"https:\/\/wgphoto.pl\/t\/index.php?rest_route=\/wp\/v2\/posts\/7533\/revisions"}],"predecessor-version":[{"id":7535,"href":"https:\/\/wgphoto.pl\/t\/index.php?rest_route=\/wp\/v2\/posts\/7533\/revisions\/7535"}],"wp:featuredmedia":[{"embeddable":true,"href":"https:\/\/wgphoto.pl\/t\/index.php?rest_route=\/wp\/v2\/media\/7534"}],"wp:attachment":[{"href":"https:\/\/wgphoto.pl\/t\/index.php?rest_route=%2Fwp%2Fv2%2Fmedia&parent=7533"}],"wp:term":[{"taxonomy":"category","embeddable":true,"href":"https:\/\/wgphoto.pl\/t\/index.php?rest_route=%2Fwp%2Fv2%2Fcategories&post=7533"},{"taxonomy":"post_tag","embeddable":true,"href":"https:\/\/wgphoto.pl\/t\/index.php?rest_route=%2Fwp%2Fv2%2Ftags&post=7533"}],"curies":[{"name":"wp","href":"https:\/\/api.w.org\/{rel}","templated":true}]}}