{"id":7545,"date":"2024-12-13T18:22:04","date_gmt":"2024-12-13T17:22:04","guid":{"rendered":"https:\/\/wgphoto.pl\/t\/?p=7545"},"modified":"2024-12-13T18:22:04","modified_gmt":"2024-12-13T17:22:04","slug":"zima-w-pelni-2","status":"publish","type":"post","link":"https:\/\/wgphoto.pl\/t\/?p=7545","title":{"rendered":"Zima w pe\u0142ni"},"content":{"rendered":"\n<figure class=\"wp-block-image aligncenter size-full\"><img loading=\"lazy\" decoding=\"async\" width=\"1200\" height=\"803\" src=\"https:\/\/wgphoto.pl\/t\/wp-content\/uploads\/2024\/12\/IMGP2121.jpg\" alt=\"\" class=\"wp-image-7546\" srcset=\"https:\/\/wgphoto.pl\/t\/wp-content\/uploads\/2024\/12\/IMGP2121.jpg 1200w, https:\/\/wgphoto.pl\/t\/wp-content\/uploads\/2024\/12\/IMGP2121-300x201.jpg 300w, https:\/\/wgphoto.pl\/t\/wp-content\/uploads\/2024\/12\/IMGP2121-768x514.jpg 768w\" sizes=\"auto, (max-width: 1200px) 100vw, 1200px\" \/><\/figure>\n\n\n\n<div class=\"wp-block-group has-global-padding is-layout-constrained wp-block-group-is-layout-constrained\">\n<p>Po\u0142owa marca, a w Rudawach (po czesku s\u0105 to w\u0142a\u015bnie Kru\u0161n\u00e9 hory) zima w pe\u0142ni. W tle widoczny jest wiadukt graniczny CZ\/D, z kt\u00f3rego wykona\u0142em poprzednie zdj\u0119cia. Moldava v Kru\u0161n\u00fdch hor\u00e1ch, 14.03.2013<\/p>\n<\/div>\n","protected":false},"excerpt":{"rendered":"<p>Po\u0142owa marca, a w Rudawach (po czesku s\u0105 to w\u0142a\u015bnie Kru\u0161n\u00e9 hory) zima w pe\u0142ni. W tle widoczny jest wiadukt graniczny CZ\/D, z kt\u00f3rego wykona\u0142em poprzednie zdj\u0119cia. Moldava v Kru\u0161n\u00fdch hor\u00e1ch, 14.03.2013<\/p>\n","protected":false},"author":1,"featured_media":7546,"comment_status":"open","ping_status":"","sticky":false,"template":"","format":"standard","meta":{"footnotes":""},"categories":[2,55],"tags":[2604,92,50,49,2605,94,44,2606],"class_list":["post-7545","post","type-post","status-publish","format-standard","has-post-thumbnail","hentry","category-kolej","category-rok-2013","tag-2013-03-14","tag-92","tag-cd","tag-czechy","tag-moldava-v-krusnych-horach","tag-na-kolejowym-koncu-swiata","tag-snieg","tag-tab-cz135"],"_links":{"self":[{"href":"https:\/\/wgphoto.pl\/t\/index.php?rest_route=\/wp\/v2\/posts\/7545","targetHints":{"allow":["GET"]}}],"collection":[{"href":"https:\/\/wgphoto.pl\/t\/index.php?rest_route=\/wp\/v2\/posts"}],"about":[{"href":"https:\/\/wgphoto.pl\/t\/index.php?rest_route=\/wp\/v2\/types\/post"}],"author":[{"embeddable":true,"href":"https:\/\/wgphoto.pl\/t\/index.php?rest_route=\/wp\/v2\/users\/1"}],"replies":[{"embeddable":true,"href":"https:\/\/wgphoto.pl\/t\/index.php?rest_route=%2Fwp%2Fv2%2Fcomments&post=7545"}],"version-history":[{"count":1,"href":"https:\/\/wgphoto.pl\/t\/index.php?rest_route=\/wp\/v2\/posts\/7545\/revisions"}],"predecessor-version":[{"id":7547,"href":"https:\/\/wgphoto.pl\/t\/index.php?rest_route=\/wp\/v2\/posts\/7545\/revisions\/7547"}],"wp:featuredmedia":[{"embeddable":true,"href":"https:\/\/wgphoto.pl\/t\/index.php?rest_route=\/wp\/v2\/media\/7546"}],"wp:attachment":[{"href":"https:\/\/wgphoto.pl\/t\/index.php?rest_route=%2Fwp%2Fv2%2Fmedia&parent=7545"}],"wp:term":[{"taxonomy":"category","embeddable":true,"href":"https:\/\/wgphoto.pl\/t\/index.php?rest_route=%2Fwp%2Fv2%2Fcategories&post=7545"},{"taxonomy":"post_tag","embeddable":true,"href":"https:\/\/wgphoto.pl\/t\/index.php?rest_route=%2Fwp%2Fv2%2Ftags&post=7545"}],"curies":[{"name":"wp","href":"https:\/\/api.w.org\/{rel}","templated":true}]}}