{"id":7551,"date":"2024-12-13T18:24:11","date_gmt":"2024-12-13T17:24:11","guid":{"rendered":"https:\/\/wgphoto.pl\/t\/?p=7551"},"modified":"2024-12-13T18:24:11","modified_gmt":"2024-12-13T17:24:11","slug":"linia-w","status":"publish","type":"post","link":"https:\/\/wgphoto.pl\/t\/?p=7551","title":{"rendered":"Linia W"},"content":{"rendered":"\n<figure class=\"wp-block-image aligncenter size-full\"><img loading=\"lazy\" decoding=\"async\" width=\"1200\" height=\"800\" src=\"https:\/\/wgphoto.pl\/t\/wp-content\/uploads\/2024\/12\/IMGP9613.jpg\" alt=\"\" class=\"wp-image-7552\" srcset=\"https:\/\/wgphoto.pl\/t\/wp-content\/uploads\/2024\/12\/IMGP9613.jpg 1200w, https:\/\/wgphoto.pl\/t\/wp-content\/uploads\/2024\/12\/IMGP9613-300x200.jpg 300w, https:\/\/wgphoto.pl\/t\/wp-content\/uploads\/2024\/12\/IMGP9613-768x512.jpg 768w\" sizes=\"auto, (max-width: 1200px) 100vw, 1200px\" \/><\/figure>\n\n\n\n<div class=\"wp-block-group has-global-padding is-layout-constrained wp-block-group-is-layout-constrained\">\n<p>Gda\u0144sk, p\u0119tla Strzy\u017ca. Sk\u0142ad stopi\u0105tek za chwil\u0119 zjedzie do pobliskiej zajezdni Wrzeszcz, otablicowany jako linia W (w nawi\u0105zaniu do nazwy zajezdni). Zawsze mi si\u0119 podoba\u0142y te oznaczenia, bo dzi\u0119ki nim mo\u017cna z miasta &#8222;zebra\u0107&#8221; wszystkie zjazdy do zajezdni w jedn\u0105 tras\u0119, z jednym rozk\u0142adem na przystanku. 01.03.2011<\/p>\n<\/div>\n","protected":false},"excerpt":{"rendered":"<p>Gda\u0144sk, p\u0119tla Strzy\u017ca. Sk\u0142ad stopi\u0105tek za chwil\u0119 zjedzie do pobliskiej zajezdni Wrzeszcz, otablicowany jako linia W (w nawi\u0105zaniu do nazwy zajezdni). Zawsze mi si\u0119 podoba\u0142y te oznaczenia, bo dzi\u0119ki nim mo\u017cna z miasta &#8222;zebra\u0107&#8221; wszystkie zjazdy do zajezdni w jedn\u0105 tras\u0119, z jednym rozk\u0142adem na przystanku. 01.03.2011<\/p>\n","protected":false},"author":1,"featured_media":7552,"comment_status":"open","ping_status":"","sticky":false,"template":"","format":"standard","meta":{"footnotes":""},"categories":[77,3],"tags":[155,2607,907,154,27,438,44,480],"class_list":["post-7551","post","type-post","status-publish","format-standard","has-post-thumbnail","hentry","category-rok-2011","category-tramwaj","tag-105na","tag-2011-03-01","tag-gdansk","tag-noc","tag-polska","tag-portret-z-petli","tag-snieg","tag-zkm-gdansk"],"_links":{"self":[{"href":"https:\/\/wgphoto.pl\/t\/index.php?rest_route=\/wp\/v2\/posts\/7551","targetHints":{"allow":["GET"]}}],"collection":[{"href":"https:\/\/wgphoto.pl\/t\/index.php?rest_route=\/wp\/v2\/posts"}],"about":[{"href":"https:\/\/wgphoto.pl\/t\/index.php?rest_route=\/wp\/v2\/types\/post"}],"author":[{"embeddable":true,"href":"https:\/\/wgphoto.pl\/t\/index.php?rest_route=\/wp\/v2\/users\/1"}],"replies":[{"embeddable":true,"href":"https:\/\/wgphoto.pl\/t\/index.php?rest_route=%2Fwp%2Fv2%2Fcomments&post=7551"}],"version-history":[{"count":1,"href":"https:\/\/wgphoto.pl\/t\/index.php?rest_route=\/wp\/v2\/posts\/7551\/revisions"}],"predecessor-version":[{"id":7553,"href":"https:\/\/wgphoto.pl\/t\/index.php?rest_route=\/wp\/v2\/posts\/7551\/revisions\/7553"}],"wp:featuredmedia":[{"embeddable":true,"href":"https:\/\/wgphoto.pl\/t\/index.php?rest_route=\/wp\/v2\/media\/7552"}],"wp:attachment":[{"href":"https:\/\/wgphoto.pl\/t\/index.php?rest_route=%2Fwp%2Fv2%2Fmedia&parent=7551"}],"wp:term":[{"taxonomy":"category","embeddable":true,"href":"https:\/\/wgphoto.pl\/t\/index.php?rest_route=%2Fwp%2Fv2%2Fcategories&post=7551"},{"taxonomy":"post_tag","embeddable":true,"href":"https:\/\/wgphoto.pl\/t\/index.php?rest_route=%2Fwp%2Fv2%2Ftags&post=7551"}],"curies":[{"name":"wp","href":"https:\/\/api.w.org\/{rel}","templated":true}]}}