{"id":7575,"date":"2024-12-13T18:32:00","date_gmt":"2024-12-13T17:32:00","guid":{"rendered":"https:\/\/wgphoto.pl\/t\/?p=7575"},"modified":"2024-12-13T18:32:00","modified_gmt":"2024-12-13T17:32:00","slug":"teatr-jeszcze-nieczynny","status":"publish","type":"post","link":"https:\/\/wgphoto.pl\/t\/?p=7575","title":{"rendered":"Teatr jeszcze nieczynny"},"content":{"rendered":"\n<figure class=\"wp-block-image aligncenter size-full\"><img loading=\"lazy\" decoding=\"async\" width=\"1200\" height=\"803\" src=\"https:\/\/wgphoto.pl\/t\/wp-content\/uploads\/2024\/12\/IMGP4324.jpg\" alt=\"\" class=\"wp-image-7576\" srcset=\"https:\/\/wgphoto.pl\/t\/wp-content\/uploads\/2024\/12\/IMGP4324.jpg 1200w, https:\/\/wgphoto.pl\/t\/wp-content\/uploads\/2024\/12\/IMGP4324-300x201.jpg 300w, https:\/\/wgphoto.pl\/t\/wp-content\/uploads\/2024\/12\/IMGP4324-768x514.jpg 768w\" sizes=\"auto, (max-width: 1200px) 100vw, 1200px\" \/><\/figure>\n\n\n\n<div class=\"wp-block-group has-global-padding is-layout-constrained wp-block-group-is-layout-constrained\">\n<p>Sk\u0142ad 30917+30928 zostawia za sob\u0105 okaza\u0142y gmach \u0141otewskiego Teatru Narodowego w Rydze. 31.05.2013<\/p>\n<\/div>\n","protected":false},"excerpt":{"rendered":"<p>Sk\u0142ad 30917+30928 zostawia za sob\u0105 okaza\u0142y gmach \u0141otewskiego Teatru Narodowego w Rydze. 31.05.2013<\/p>\n","protected":false},"author":1,"featured_media":7576,"comment_status":"open","ping_status":"","sticky":false,"template":"","format":"standard","meta":{"footnotes":""},"categories":[55,3],"tags":[2609,34,612,56,176,57,1011],"class_list":["post-7575","post","type-post","status-publish","format-standard","has-post-thumbnail","hentry","category-rok-2013","category-tramwaj","tag-2013-05-31","tag-architektura","tag-druga-majowka-2013","tag-lotwa","tag-rano","tag-ryga","tag-tatra-t3"],"_links":{"self":[{"href":"https:\/\/wgphoto.pl\/t\/index.php?rest_route=\/wp\/v2\/posts\/7575","targetHints":{"allow":["GET"]}}],"collection":[{"href":"https:\/\/wgphoto.pl\/t\/index.php?rest_route=\/wp\/v2\/posts"}],"about":[{"href":"https:\/\/wgphoto.pl\/t\/index.php?rest_route=\/wp\/v2\/types\/post"}],"author":[{"embeddable":true,"href":"https:\/\/wgphoto.pl\/t\/index.php?rest_route=\/wp\/v2\/users\/1"}],"replies":[{"embeddable":true,"href":"https:\/\/wgphoto.pl\/t\/index.php?rest_route=%2Fwp%2Fv2%2Fcomments&post=7575"}],"version-history":[{"count":1,"href":"https:\/\/wgphoto.pl\/t\/index.php?rest_route=\/wp\/v2\/posts\/7575\/revisions"}],"predecessor-version":[{"id":7577,"href":"https:\/\/wgphoto.pl\/t\/index.php?rest_route=\/wp\/v2\/posts\/7575\/revisions\/7577"}],"wp:featuredmedia":[{"embeddable":true,"href":"https:\/\/wgphoto.pl\/t\/index.php?rest_route=\/wp\/v2\/media\/7576"}],"wp:attachment":[{"href":"https:\/\/wgphoto.pl\/t\/index.php?rest_route=%2Fwp%2Fv2%2Fmedia&parent=7575"}],"wp:term":[{"taxonomy":"category","embeddable":true,"href":"https:\/\/wgphoto.pl\/t\/index.php?rest_route=%2Fwp%2Fv2%2Fcategories&post=7575"},{"taxonomy":"post_tag","embeddable":true,"href":"https:\/\/wgphoto.pl\/t\/index.php?rest_route=%2Fwp%2Fv2%2Ftags&post=7575"}],"curies":[{"name":"wp","href":"https:\/\/api.w.org\/{rel}","templated":true}]}}