{"id":7578,"date":"2024-12-13T18:32:59","date_gmt":"2024-12-13T17:32:59","guid":{"rendered":"https:\/\/wgphoto.pl\/t\/?p=7578"},"modified":"2024-12-13T18:32:59","modified_gmt":"2024-12-13T17:32:59","slug":"jenec","status":"publish","type":"post","link":"https:\/\/wgphoto.pl\/t\/?p=7578","title":{"rendered":"Jene\u010d"},"content":{"rendered":"\n<figure class=\"wp-block-image aligncenter size-full\"><img loading=\"lazy\" decoding=\"async\" width=\"1200\" height=\"795\" src=\"https:\/\/wgphoto.pl\/t\/wp-content\/uploads\/2024\/12\/IMGP3346.jpg\" alt=\"\" class=\"wp-image-7579\" srcset=\"https:\/\/wgphoto.pl\/t\/wp-content\/uploads\/2024\/12\/IMGP3346.jpg 1200w, https:\/\/wgphoto.pl\/t\/wp-content\/uploads\/2024\/12\/IMGP3346-300x199.jpg 300w, https:\/\/wgphoto.pl\/t\/wp-content\/uploads\/2024\/12\/IMGP3346-768x509.jpg 768w\" sizes=\"auto, (max-width: 1200px) 100vw, 1200px\" \/><\/figure>\n\n\n\n<div class=\"wp-block-group has-global-padding is-layout-constrained wp-block-group-is-layout-constrained\">\n<p>Bezimienna &#8211; bo bez tablicy czo\u0142owej &#8211; lokomotywa serii 714 prowadzi bezimienny &#8211; bo nie pasuj\u0105cy mi do niczego z rozk\u0142adu jazdy &#8211; poci\u0105g z Pragi w stron\u0119 Kladna. By\u0107 mo\u017ce by\u0142 to jaki\u015b s\u0142u\u017cbowy, wracaj\u0105cy &#8222;na prowincj\u0119&#8221; aby wykona\u0107 drugie poranne k\u00f3\u0142ko do stolicy, wszak prezentowany sk\u0142ad oferuje wi\u0119ksz\u0105 liczb\u0119 miejsc w wagonach ni\u017c standardowe dwie dwucz\u0142onowe regionowy. Przynajmniej nazwa stacji jest w tej sytuacji znana. 31.03.2014<\/p>\n<\/div>\n","protected":false},"excerpt":{"rendered":"<p>Bezimienna &#8211; bo bez tablicy czo\u0142owej &#8211; lokomotywa serii 714 prowadzi bezimienny &#8211; bo nie pasuj\u0105cy mi do niczego z rozk\u0142adu jazdy &#8211; poci\u0105g z Pragi w stron\u0119 Kladna. By\u0107 mo\u017ce by\u0142 to jaki\u015b s\u0142u\u017cbowy, wracaj\u0105cy &#8222;na prowincj\u0119&#8221; aby wykona\u0107 drugie poranne k\u00f3\u0142ko do stolicy, wszak prezentowany sk\u0142ad oferuje wi\u0119ksz\u0105 liczb\u0119 miejsc w wagonach ni\u017c [&hellip;]<\/p>\n","protected":false},"author":1,"featured_media":7579,"comment_status":"open","ping_status":"","sticky":false,"template":"","format":"standard","meta":{"footnotes":""},"categories":[2,48],"tags":[54,326,50,49,2610,176,53,700],"class_list":["post-7578","post","type-post","status-publish","format-standard","has-post-thumbnail","hentry","category-kolej","category-rok-2014","tag-2014-03-31","tag-326","tag-cd","tag-czechy","tag-jenec","tag-rano","tag-sygnalizacja-ksztaltowa","tag-tab-cz120"],"_links":{"self":[{"href":"https:\/\/wgphoto.pl\/t\/index.php?rest_route=\/wp\/v2\/posts\/7578","targetHints":{"allow":["GET"]}}],"collection":[{"href":"https:\/\/wgphoto.pl\/t\/index.php?rest_route=\/wp\/v2\/posts"}],"about":[{"href":"https:\/\/wgphoto.pl\/t\/index.php?rest_route=\/wp\/v2\/types\/post"}],"author":[{"embeddable":true,"href":"https:\/\/wgphoto.pl\/t\/index.php?rest_route=\/wp\/v2\/users\/1"}],"replies":[{"embeddable":true,"href":"https:\/\/wgphoto.pl\/t\/index.php?rest_route=%2Fwp%2Fv2%2Fcomments&post=7578"}],"version-history":[{"count":1,"href":"https:\/\/wgphoto.pl\/t\/index.php?rest_route=\/wp\/v2\/posts\/7578\/revisions"}],"predecessor-version":[{"id":7580,"href":"https:\/\/wgphoto.pl\/t\/index.php?rest_route=\/wp\/v2\/posts\/7578\/revisions\/7580"}],"wp:featuredmedia":[{"embeddable":true,"href":"https:\/\/wgphoto.pl\/t\/index.php?rest_route=\/wp\/v2\/media\/7579"}],"wp:attachment":[{"href":"https:\/\/wgphoto.pl\/t\/index.php?rest_route=%2Fwp%2Fv2%2Fmedia&parent=7578"}],"wp:term":[{"taxonomy":"category","embeddable":true,"href":"https:\/\/wgphoto.pl\/t\/index.php?rest_route=%2Fwp%2Fv2%2Fcategories&post=7578"},{"taxonomy":"post_tag","embeddable":true,"href":"https:\/\/wgphoto.pl\/t\/index.php?rest_route=%2Fwp%2Fv2%2Ftags&post=7578"}],"curies":[{"name":"wp","href":"https:\/\/api.w.org\/{rel}","templated":true}]}}