{"id":7581,"date":"2024-12-13T18:34:31","date_gmt":"2024-12-13T17:34:31","guid":{"rendered":"https:\/\/wgphoto.pl\/t\/?p=7581"},"modified":"2024-12-13T18:34:31","modified_gmt":"2024-12-13T17:34:31","slug":"poranna-toaleta","status":"publish","type":"post","link":"https:\/\/wgphoto.pl\/t\/?p=7581","title":{"rendered":"Poranna toaleta"},"content":{"rendered":"\n<figure class=\"wp-block-image aligncenter size-full\"><img loading=\"lazy\" decoding=\"async\" width=\"1200\" height=\"803\" src=\"https:\/\/wgphoto.pl\/t\/wp-content\/uploads\/2024\/12\/IMGP4432.jpg\" alt=\"\" class=\"wp-image-7582\" srcset=\"https:\/\/wgphoto.pl\/t\/wp-content\/uploads\/2024\/12\/IMGP4432.jpg 1200w, https:\/\/wgphoto.pl\/t\/wp-content\/uploads\/2024\/12\/IMGP4432-300x201.jpg 300w, https:\/\/wgphoto.pl\/t\/wp-content\/uploads\/2024\/12\/IMGP4432-768x514.jpg 768w\" sizes=\"auto, (max-width: 1200px) 100vw, 1200px\" \/><\/figure>\n\n\n\n<div class=\"wp-block-group has-global-padding is-layout-constrained wp-block-group-is-layout-constrained\">\n<p>S\u0142abe foto z okna, przedstawiaj\u0105ce scen\u0119 mycia przedniej szyby podczas przerwy na stacji Praha-Vyso\u010dany, ale lepszego nie b\u0119dzie, bo dzisiaj (sierpie\u0144 2018), tym razem podobno ostatecznie, po\u017cegnano w Pradze ostatni\u0105 jednostk\u0119 serii 451 w ruchu liniowym. 2011-10-03<\/p>\n<\/div>\n","protected":false},"excerpt":{"rendered":"<p>S\u0142abe foto z okna, przedstawiaj\u0105ce scen\u0119 mycia przedniej szyby podczas przerwy na stacji Praha-Vyso\u010dany, ale lepszego nie b\u0119dzie, bo dzisiaj (sierpie\u0144 2018), tym razem podobno ostatecznie, po\u017cegnano w Pradze ostatni\u0105 jednostk\u0119 serii 451 w ruchu liniowym. 2011-10-03<\/p>\n","protected":false},"author":1,"featured_media":7582,"comment_status":"open","ping_status":"","sticky":false,"template":"","format":"standard","meta":{"footnotes":""},"categories":[2,77],"tags":[2611,972,50,49,151,52,2612],"class_list":["post-7581","post","type-post","status-publish","format-standard","has-post-thumbnail","hentry","category-kolej","category-rok-2011","tag-2011-10-03","tag-972","tag-cd","tag-czechy","tag-ludzie","tag-praga","tag-praha-vysocany"],"_links":{"self":[{"href":"https:\/\/wgphoto.pl\/t\/index.php?rest_route=\/wp\/v2\/posts\/7581","targetHints":{"allow":["GET"]}}],"collection":[{"href":"https:\/\/wgphoto.pl\/t\/index.php?rest_route=\/wp\/v2\/posts"}],"about":[{"href":"https:\/\/wgphoto.pl\/t\/index.php?rest_route=\/wp\/v2\/types\/post"}],"author":[{"embeddable":true,"href":"https:\/\/wgphoto.pl\/t\/index.php?rest_route=\/wp\/v2\/users\/1"}],"replies":[{"embeddable":true,"href":"https:\/\/wgphoto.pl\/t\/index.php?rest_route=%2Fwp%2Fv2%2Fcomments&post=7581"}],"version-history":[{"count":1,"href":"https:\/\/wgphoto.pl\/t\/index.php?rest_route=\/wp\/v2\/posts\/7581\/revisions"}],"predecessor-version":[{"id":7583,"href":"https:\/\/wgphoto.pl\/t\/index.php?rest_route=\/wp\/v2\/posts\/7581\/revisions\/7583"}],"wp:featuredmedia":[{"embeddable":true,"href":"https:\/\/wgphoto.pl\/t\/index.php?rest_route=\/wp\/v2\/media\/7582"}],"wp:attachment":[{"href":"https:\/\/wgphoto.pl\/t\/index.php?rest_route=%2Fwp%2Fv2%2Fmedia&parent=7581"}],"wp:term":[{"taxonomy":"category","embeddable":true,"href":"https:\/\/wgphoto.pl\/t\/index.php?rest_route=%2Fwp%2Fv2%2Fcategories&post=7581"},{"taxonomy":"post_tag","embeddable":true,"href":"https:\/\/wgphoto.pl\/t\/index.php?rest_route=%2Fwp%2Fv2%2Ftags&post=7581"}],"curies":[{"name":"wp","href":"https:\/\/api.w.org\/{rel}","templated":true}]}}