{"id":7584,"date":"2024-12-13T18:35:34","date_gmt":"2024-12-13T17:35:34","guid":{"rendered":"https:\/\/wgphoto.pl\/t\/?p=7584"},"modified":"2024-12-13T18:35:34","modified_gmt":"2024-12-13T17:35:34","slug":"rzutem-na-tasme","status":"publish","type":"post","link":"https:\/\/wgphoto.pl\/t\/?p=7584","title":{"rendered":"Rzutem na ta\u015bm\u0119"},"content":{"rendered":"\n<figure class=\"wp-block-image aligncenter size-full\"><img loading=\"lazy\" decoding=\"async\" width=\"700\" height=\"1045\" src=\"https:\/\/wgphoto.pl\/t\/wp-content\/uploads\/2024\/12\/IMGP4382.jpg\" alt=\"\" class=\"wp-image-7585\" srcset=\"https:\/\/wgphoto.pl\/t\/wp-content\/uploads\/2024\/12\/IMGP4382.jpg 700w, https:\/\/wgphoto.pl\/t\/wp-content\/uploads\/2024\/12\/IMGP4382-201x300.jpg 201w\" sizes=\"auto, (max-width: 700px) 100vw, 700px\" \/><\/figure>\n\n\n\n<div class=\"wp-block-group has-global-padding is-layout-constrained wp-block-group-is-layout-constrained\">\n<p>Pojazd serii M262, najprawdopodobniej o numerze 1117, nale\u017c\u0105cy do K\u017dC Doprava s.r.o., podczas kursu 18330 &#8222;Pra\u017esk\u00fd motor\u00e1\u010dek&#8221; relacji Praha hl.n. &#8211; Praha \u0158epy pokonuje odcinek z Prahy Sm\u00edchov do Prahy \u017dvahov, zwany chyba nieco na wyrost praskim Semmeringiem. Kursy obs\u0142ugiwane historycznym taborem, nale\u017c\u0105cym do klubu mi\u0142o\u015bnik\u00f3w kolei, s\u0105 wpisane w regularny rozk\u0142ad jazdy i pojawiaj\u0105 si\u0119 na tej trasie co \u0142ykend od maja do pa\u017adziernika w liczbie 4 par dziennie. Obowi\u0105zuje w nich m. in. zwyczajny bilet komunikacji miejskiej w ramach zwi\u0105zku komunikacyjnego PID.<br>Samo za\u015b foto powsta\u0142o rzutem na ta\u015bm\u0119. Przyjecha\u0142em tam na ostatni\u0105 chwil\u0119, licz\u0105c w ciemno \u017ce niskie ju\u017c jesienne s\u0142o\u0144ce b\u0119dzie pasowa\u0142o i \u017ce w og\u00f3le znajd\u0119 miejsce, z kt\u00f3rego mo\u017cna takie foto zrobi\u0107 &#8211; a nie by\u0142o to oczywiste, bo trzeba by\u0142o kluczy\u0107 po okolicy, sprawdzaj\u0105c kolejne mo\u017cliwo\u015bci, i dzisiaj nawet nie trafi\u0142bym w to miejsce. 01.10.2011<\/p>\n<\/div>\n","protected":false},"excerpt":{"rendered":"<p>Pojazd serii M262, najprawdopodobniej o numerze 1117, nale\u017c\u0105cy do K\u017dC Doprava s.r.o., podczas kursu 18330 &#8222;Pra\u017esk\u00fd motor\u00e1\u010dek&#8221; relacji Praha hl.n. &#8211; Praha \u0158epy pokonuje odcinek z Prahy Sm\u00edchov do Prahy \u017dvahov, zwany chyba nieco na wyrost praskim Semmeringiem. Kursy obs\u0142ugiwane historycznym taborem, nale\u017c\u0105cym do klubu mi\u0142o\u015bnik\u00f3w kolei, s\u0105 wpisane w regularny rozk\u0142ad jazdy i pojawiaj\u0105 [&hellip;]<\/p>\n","protected":false},"author":1,"featured_media":7585,"comment_status":"open","ping_status":"","sticky":false,"template":"","format":"standard","meta":{"footnotes":""},"categories":[2,128,77],"tags":[1376,2617,49,2613,2616,52,2615,2618,139,244,2614],"class_list":["post-7584","post","type-post","status-publish","format-standard","has-post-thumbnail","hentry","category-kolej","category-pionowe","category-rok-2011","tag-2011-10-01","tag-2617","tag-czechy","tag-kzc-doprava","tag-m262","tag-praga","tag-praha-smichov","tag-praha-zvahov","tag-retro","tag-skaly","tag-tab-cz122"],"_links":{"self":[{"href":"https:\/\/wgphoto.pl\/t\/index.php?rest_route=\/wp\/v2\/posts\/7584","targetHints":{"allow":["GET"]}}],"collection":[{"href":"https:\/\/wgphoto.pl\/t\/index.php?rest_route=\/wp\/v2\/posts"}],"about":[{"href":"https:\/\/wgphoto.pl\/t\/index.php?rest_route=\/wp\/v2\/types\/post"}],"author":[{"embeddable":true,"href":"https:\/\/wgphoto.pl\/t\/index.php?rest_route=\/wp\/v2\/users\/1"}],"replies":[{"embeddable":true,"href":"https:\/\/wgphoto.pl\/t\/index.php?rest_route=%2Fwp%2Fv2%2Fcomments&post=7584"}],"version-history":[{"count":1,"href":"https:\/\/wgphoto.pl\/t\/index.php?rest_route=\/wp\/v2\/posts\/7584\/revisions"}],"predecessor-version":[{"id":7586,"href":"https:\/\/wgphoto.pl\/t\/index.php?rest_route=\/wp\/v2\/posts\/7584\/revisions\/7586"}],"wp:featuredmedia":[{"embeddable":true,"href":"https:\/\/wgphoto.pl\/t\/index.php?rest_route=\/wp\/v2\/media\/7585"}],"wp:attachment":[{"href":"https:\/\/wgphoto.pl\/t\/index.php?rest_route=%2Fwp%2Fv2%2Fmedia&parent=7584"}],"wp:term":[{"taxonomy":"category","embeddable":true,"href":"https:\/\/wgphoto.pl\/t\/index.php?rest_route=%2Fwp%2Fv2%2Fcategories&post=7584"},{"taxonomy":"post_tag","embeddable":true,"href":"https:\/\/wgphoto.pl\/t\/index.php?rest_route=%2Fwp%2Fv2%2Ftags&post=7584"}],"curies":[{"name":"wp","href":"https:\/\/api.w.org\/{rel}","templated":true}]}}