{"id":760,"date":"2024-09-30T20:28:59","date_gmt":"2024-09-30T18:28:59","guid":{"rendered":"https:\/\/wgphoto.pl\/t\/?p=760"},"modified":"2026-01-03T13:58:03","modified_gmt":"2026-01-03T12:58:03","slug":"tramwajem-na-pierwsze-pietro","status":"publish","type":"post","link":"https:\/\/wgphoto.pl\/t\/?p=760","title":{"rendered":"Tramwajem na pierwsze pi\u0119tro"},"content":{"rendered":"\n<figure class=\"wp-block-image aligncenter size-full\"><img loading=\"lazy\" decoding=\"async\" width=\"1200\" height=\"795\" src=\"https:\/\/wgphoto.pl\/t\/wp-content\/uploads\/2024\/09\/IMGP1135.jpg\" alt=\"\" class=\"wp-image-761\" srcset=\"https:\/\/wgphoto.pl\/t\/wp-content\/uploads\/2024\/09\/IMGP1135.jpg 1200w, https:\/\/wgphoto.pl\/t\/wp-content\/uploads\/2024\/09\/IMGP1135-300x199.jpg 300w, https:\/\/wgphoto.pl\/t\/wp-content\/uploads\/2024\/09\/IMGP1135-768x509.jpg 768w\" sizes=\"auto, (max-width: 1200px) 100vw, 1200px\" \/><\/figure>\n\n\n\n<div class=\"wp-block-group has-global-padding is-layout-constrained wp-block-group-is-layout-constrained\">\n<p>Tramwaj, niepasuj\u0105cy troch\u0119 do dzielnicy szklanych biurowc\u00f3w, przeje\u017cd\u017ca estakad\u0105 nad Prins Willem-Alexanderhof w Hadze, obok dworca centralnego. Poni\u017cej widoczna jest fontanna Anny van Bueren, XVI-wiecznej ksi\u0119\u017cniczki, kt\u00f3rej wizerunek wpasowany jest w powierzchni\u0119 wodotrysku, co dobrze wida\u0107 z wy\u017cszych pi\u0119ter. 01.05.2017<\/p>\n<\/div>\n","protected":false},"excerpt":{"rendered":"<p>Tramwaj, niepasuj\u0105cy troch\u0119 do dzielnicy szklanych biurowc\u00f3w, przeje\u017cd\u017ca estakad\u0105 nad Prins Willem-Alexanderhof w Hadze, obok dworca centralnego. Poni\u017cej widoczna jest fontanna Anny van Bueren, XVI-wiecznej ksi\u0119\u017cniczki, kt\u00f3rej wizerunek wpasowany jest w powierzchni\u0119 wodotrysku, co dobrze wida\u0107 z wy\u017cszych pi\u0119ter. 01.05.2017<\/p>\n","protected":false},"author":1,"featured_media":761,"comment_status":"open","ping_status":"","sticky":false,"template":"","format":"standard","meta":{"footnotes":""},"categories":[368,3],"tags":[373,34,4612,371,370,369,787],"class_list":["post-760","post","type-post","status-publish","format-standard","has-post-thumbnail","hentry","category-rok-2017","category-tramwaj","tag-2017-05-01","tag-architektura","tag-gtl8","tag-haga","tag-holandia","tag-htm-den-haag","tag-majowka-2017-2"],"_links":{"self":[{"href":"https:\/\/wgphoto.pl\/t\/index.php?rest_route=\/wp\/v2\/posts\/760","targetHints":{"allow":["GET"]}}],"collection":[{"href":"https:\/\/wgphoto.pl\/t\/index.php?rest_route=\/wp\/v2\/posts"}],"about":[{"href":"https:\/\/wgphoto.pl\/t\/index.php?rest_route=\/wp\/v2\/types\/post"}],"author":[{"embeddable":true,"href":"https:\/\/wgphoto.pl\/t\/index.php?rest_route=\/wp\/v2\/users\/1"}],"replies":[{"embeddable":true,"href":"https:\/\/wgphoto.pl\/t\/index.php?rest_route=%2Fwp%2Fv2%2Fcomments&post=760"}],"version-history":[{"count":1,"href":"https:\/\/wgphoto.pl\/t\/index.php?rest_route=\/wp\/v2\/posts\/760\/revisions"}],"predecessor-version":[{"id":762,"href":"https:\/\/wgphoto.pl\/t\/index.php?rest_route=\/wp\/v2\/posts\/760\/revisions\/762"}],"wp:featuredmedia":[{"embeddable":true,"href":"https:\/\/wgphoto.pl\/t\/index.php?rest_route=\/wp\/v2\/media\/761"}],"wp:attachment":[{"href":"https:\/\/wgphoto.pl\/t\/index.php?rest_route=%2Fwp%2Fv2%2Fmedia&parent=760"}],"wp:term":[{"taxonomy":"category","embeddable":true,"href":"https:\/\/wgphoto.pl\/t\/index.php?rest_route=%2Fwp%2Fv2%2Fcategories&post=760"},{"taxonomy":"post_tag","embeddable":true,"href":"https:\/\/wgphoto.pl\/t\/index.php?rest_route=%2Fwp%2Fv2%2Ftags&post=760"}],"curies":[{"name":"wp","href":"https:\/\/api.w.org\/{rel}","templated":true}]}}