{"id":7614,"date":"2024-12-13T18:47:02","date_gmt":"2024-12-13T17:47:02","guid":{"rendered":"https:\/\/wgphoto.pl\/t\/?p=7614"},"modified":"2024-12-13T18:47:02","modified_gmt":"2024-12-13T17:47:02","slug":"jak-ptaki-na-niebie","status":"publish","type":"post","link":"https:\/\/wgphoto.pl\/t\/?p=7614","title":{"rendered":"Jak ptaki na niebie"},"content":{"rendered":"\n<figure class=\"wp-block-image aligncenter size-full\"><img loading=\"lazy\" decoding=\"async\" width=\"703\" height=\"1050\" src=\"https:\/\/wgphoto.pl\/t\/wp-content\/uploads\/2024\/12\/IMGP5265.jpg\" alt=\"\" class=\"wp-image-7615\" srcset=\"https:\/\/wgphoto.pl\/t\/wp-content\/uploads\/2024\/12\/IMGP5265.jpg 703w, https:\/\/wgphoto.pl\/t\/wp-content\/uploads\/2024\/12\/IMGP5265-201x300.jpg 201w\" sizes=\"auto, (max-width: 703px) 100vw, 703px\" \/><\/figure>\n\n\n\n<div class=\"wp-block-group has-global-padding is-layout-constrained wp-block-group-is-layout-constrained\">\n<p>Na sufitach berge\u0144skich Stadler\u00f3w umieszczono pod\u015bwietlone grafiki (w ka\u017cdym(?) wagonie inn\u0105). W\u00f3z nr 211 ma akurat wariacj\u0119 na temat ptak\u00f3w. 23.08.2013<\/p>\n<\/div>\n\n\n\n<p><\/p>\n","protected":false},"excerpt":{"rendered":"<p>Na sufitach berge\u0144skich Stadler\u00f3w umieszczono pod\u015bwietlone grafiki (w ka\u017cdym(?) wagonie inn\u0105). W\u00f3z nr 211 ma akurat wariacj\u0119 na temat ptak\u00f3w. 23.08.2013<\/p>\n","protected":false},"author":1,"featured_media":7615,"comment_status":"open","ping_status":"","sticky":false,"template":"","format":"standard","meta":{"footnotes":""},"categories":[220,128,55,3],"tags":[727,724,725,78,726,454],"class_list":["post-7614","post","type-post","status-publish","format-standard","has-post-thumbnail","hentry","category-blo","category-pionowe","category-rok-2013","category-tramwaj","tag-2013-08-23","tag-bergen","tag-bybanen-bergen","tag-norwegia","tag-variobahn","tag-wnetrza-pojazdow"],"_links":{"self":[{"href":"https:\/\/wgphoto.pl\/t\/index.php?rest_route=\/wp\/v2\/posts\/7614","targetHints":{"allow":["GET"]}}],"collection":[{"href":"https:\/\/wgphoto.pl\/t\/index.php?rest_route=\/wp\/v2\/posts"}],"about":[{"href":"https:\/\/wgphoto.pl\/t\/index.php?rest_route=\/wp\/v2\/types\/post"}],"author":[{"embeddable":true,"href":"https:\/\/wgphoto.pl\/t\/index.php?rest_route=\/wp\/v2\/users\/1"}],"replies":[{"embeddable":true,"href":"https:\/\/wgphoto.pl\/t\/index.php?rest_route=%2Fwp%2Fv2%2Fcomments&post=7614"}],"version-history":[{"count":1,"href":"https:\/\/wgphoto.pl\/t\/index.php?rest_route=\/wp\/v2\/posts\/7614\/revisions"}],"predecessor-version":[{"id":7616,"href":"https:\/\/wgphoto.pl\/t\/index.php?rest_route=\/wp\/v2\/posts\/7614\/revisions\/7616"}],"wp:featuredmedia":[{"embeddable":true,"href":"https:\/\/wgphoto.pl\/t\/index.php?rest_route=\/wp\/v2\/media\/7615"}],"wp:attachment":[{"href":"https:\/\/wgphoto.pl\/t\/index.php?rest_route=%2Fwp%2Fv2%2Fmedia&parent=7614"}],"wp:term":[{"taxonomy":"category","embeddable":true,"href":"https:\/\/wgphoto.pl\/t\/index.php?rest_route=%2Fwp%2Fv2%2Fcategories&post=7614"},{"taxonomy":"post_tag","embeddable":true,"href":"https:\/\/wgphoto.pl\/t\/index.php?rest_route=%2Fwp%2Fv2%2Ftags&post=7614"}],"curies":[{"name":"wp","href":"https:\/\/api.w.org\/{rel}","templated":true}]}}