{"id":7617,"date":"2024-12-13T18:48:04","date_gmt":"2024-12-13T17:48:04","guid":{"rendered":"https:\/\/wgphoto.pl\/t\/?p=7617"},"modified":"2024-12-13T18:48:04","modified_gmt":"2024-12-13T17:48:04","slug":"o-tym-ze-w-norwegii-tez-maja-wielka-plyte","status":"publish","type":"post","link":"https:\/\/wgphoto.pl\/t\/?p=7617","title":{"rendered":"O tym, \u017ce w Norwegii te\u017c maj\u0105 wielk\u0105 p\u0142yt\u0119"},"content":{"rendered":"\n<figure class=\"wp-block-image aligncenter size-full\"><img loading=\"lazy\" decoding=\"async\" width=\"1200\" height=\"803\" src=\"https:\/\/wgphoto.pl\/t\/wp-content\/uploads\/2024\/12\/IMGP5094.jpg\" alt=\"\" class=\"wp-image-7618\" srcset=\"https:\/\/wgphoto.pl\/t\/wp-content\/uploads\/2024\/12\/IMGP5094.jpg 1200w, https:\/\/wgphoto.pl\/t\/wp-content\/uploads\/2024\/12\/IMGP5094-300x201.jpg 300w, https:\/\/wgphoto.pl\/t\/wp-content\/uploads\/2024\/12\/IMGP5094-768x514.jpg 768w\" sizes=\"auto, (max-width: 1200px) 100vw, 1200px\" \/><\/figure>\n\n\n\n<div class=\"wp-block-group has-global-padding is-layout-constrained wp-block-group-is-layout-constrained\">\n<p>Bergen, odcinek Slettebakken &#8211; Fantoft. Tramwaj o wn\u0119trzu z poprzedniego zdj\u0119cia prezentuje si\u0119 w swoim naturalnym \u015brodowisku. 2013-08-23<\/p>\n<\/div>\n","protected":false},"excerpt":{"rendered":"<p>Bergen, odcinek Slettebakken &#8211; Fantoft. Tramwaj o wn\u0119trzu z poprzedniego zdj\u0119cia prezentuje si\u0119 w swoim naturalnym \u015brodowisku. 2013-08-23<\/p>\n","protected":false},"author":1,"featured_media":7618,"comment_status":"open","ping_status":"","sticky":false,"template":"","format":"standard","meta":{"footnotes":""},"categories":[55,3],"tags":[727,724,725,78,15,726],"class_list":["post-7617","post","type-post","status-publish","format-standard","has-post-thumbnail","hentry","category-rok-2013","category-tramwaj","tag-2013-08-23","tag-bergen","tag-bybanen-bergen","tag-norwegia","tag-tunel","tag-variobahn"],"_links":{"self":[{"href":"https:\/\/wgphoto.pl\/t\/index.php?rest_route=\/wp\/v2\/posts\/7617","targetHints":{"allow":["GET"]}}],"collection":[{"href":"https:\/\/wgphoto.pl\/t\/index.php?rest_route=\/wp\/v2\/posts"}],"about":[{"href":"https:\/\/wgphoto.pl\/t\/index.php?rest_route=\/wp\/v2\/types\/post"}],"author":[{"embeddable":true,"href":"https:\/\/wgphoto.pl\/t\/index.php?rest_route=\/wp\/v2\/users\/1"}],"replies":[{"embeddable":true,"href":"https:\/\/wgphoto.pl\/t\/index.php?rest_route=%2Fwp%2Fv2%2Fcomments&post=7617"}],"version-history":[{"count":1,"href":"https:\/\/wgphoto.pl\/t\/index.php?rest_route=\/wp\/v2\/posts\/7617\/revisions"}],"predecessor-version":[{"id":7619,"href":"https:\/\/wgphoto.pl\/t\/index.php?rest_route=\/wp\/v2\/posts\/7617\/revisions\/7619"}],"wp:featuredmedia":[{"embeddable":true,"href":"https:\/\/wgphoto.pl\/t\/index.php?rest_route=\/wp\/v2\/media\/7618"}],"wp:attachment":[{"href":"https:\/\/wgphoto.pl\/t\/index.php?rest_route=%2Fwp%2Fv2%2Fmedia&parent=7617"}],"wp:term":[{"taxonomy":"category","embeddable":true,"href":"https:\/\/wgphoto.pl\/t\/index.php?rest_route=%2Fwp%2Fv2%2Fcategories&post=7617"},{"taxonomy":"post_tag","embeddable":true,"href":"https:\/\/wgphoto.pl\/t\/index.php?rest_route=%2Fwp%2Fv2%2Ftags&post=7617"}],"curies":[{"name":"wp","href":"https:\/\/api.w.org\/{rel}","templated":true}]}}