{"id":763,"date":"2024-09-30T20:30:19","date_gmt":"2024-09-30T18:30:19","guid":{"rendered":"https:\/\/wgphoto.pl\/t\/?p=763"},"modified":"2025-04-06T22:19:48","modified_gmt":"2025-04-06T20:19:48","slug":"balagan-w-kadrze","status":"publish","type":"post","link":"https:\/\/wgphoto.pl\/t\/?p=763","title":{"rendered":"Ba\u0142agan w kadrze"},"content":{"rendered":"\n<figure class=\"wp-block-image aligncenter size-full\"><img loading=\"lazy\" decoding=\"async\" width=\"1200\" height=\"795\" src=\"https:\/\/wgphoto.pl\/t\/wp-content\/uploads\/2024\/09\/IMGP1344.jpg\" alt=\"\" class=\"wp-image-764\" srcset=\"https:\/\/wgphoto.pl\/t\/wp-content\/uploads\/2024\/09\/IMGP1344.jpg 1200w, https:\/\/wgphoto.pl\/t\/wp-content\/uploads\/2024\/09\/IMGP1344-300x199.jpg 300w, https:\/\/wgphoto.pl\/t\/wp-content\/uploads\/2024\/09\/IMGP1344-768x509.jpg 768w\" sizes=\"auto, (max-width: 1200px) 100vw, 1200px\" \/><\/figure>\n\n\n\n<div class=\"wp-block-group has-global-padding is-layout-constrained wp-block-group-is-layout-constrained\">\n<p>Rotterdam, Van Oldenbarneveltplaats. Niekt\u00f3re zachodnioeuropejskie miasta w minionych dziesi\u0119cioleciach zainwestowa\u0142y w architektur\u0119, kt\u00f3ra szybko si\u0119 zestarza\u0142a i dzi\u015b wygl\u0105da raczej przyt\u0142aczaj\u0105co lub kiczowato. 02.05.2017<\/p>\n<\/div>\n","protected":false},"excerpt":{"rendered":"<p>Rotterdam, Van Oldenbarneveltplaats. Niekt\u00f3re zachodnioeuropejskie miasta w minionych dziesi\u0119cioleciach zainwestowa\u0142y w architektur\u0119, kt\u00f3ra szybko si\u0119 zestarza\u0142a i dzi\u015b wygl\u0105da raczej przyt\u0142aczaj\u0105co lub kiczowato. 02.05.2017<\/p>\n","protected":false},"author":1,"featured_media":764,"comment_status":"open","ping_status":"","sticky":false,"template":"","format":"standard","meta":{"footnotes":""},"categories":[368,3],"tags":[376,170,34,370,787,374,375],"class_list":["post-763","post","type-post","status-publish","format-standard","has-post-thumbnail","hentry","category-rok-2017","category-tramwaj","tag-2017-05-02","tag-alstom-citadis302","tag-architektura","tag-holandia","tag-majowka-2017-2","tag-ret-rotterdam","tag-rotterdam"],"_links":{"self":[{"href":"https:\/\/wgphoto.pl\/t\/index.php?rest_route=\/wp\/v2\/posts\/763","targetHints":{"allow":["GET"]}}],"collection":[{"href":"https:\/\/wgphoto.pl\/t\/index.php?rest_route=\/wp\/v2\/posts"}],"about":[{"href":"https:\/\/wgphoto.pl\/t\/index.php?rest_route=\/wp\/v2\/types\/post"}],"author":[{"embeddable":true,"href":"https:\/\/wgphoto.pl\/t\/index.php?rest_route=\/wp\/v2\/users\/1"}],"replies":[{"embeddable":true,"href":"https:\/\/wgphoto.pl\/t\/index.php?rest_route=%2Fwp%2Fv2%2Fcomments&post=763"}],"version-history":[{"count":1,"href":"https:\/\/wgphoto.pl\/t\/index.php?rest_route=\/wp\/v2\/posts\/763\/revisions"}],"predecessor-version":[{"id":765,"href":"https:\/\/wgphoto.pl\/t\/index.php?rest_route=\/wp\/v2\/posts\/763\/revisions\/765"}],"wp:featuredmedia":[{"embeddable":true,"href":"https:\/\/wgphoto.pl\/t\/index.php?rest_route=\/wp\/v2\/media\/764"}],"wp:attachment":[{"href":"https:\/\/wgphoto.pl\/t\/index.php?rest_route=%2Fwp%2Fv2%2Fmedia&parent=763"}],"wp:term":[{"taxonomy":"category","embeddable":true,"href":"https:\/\/wgphoto.pl\/t\/index.php?rest_route=%2Fwp%2Fv2%2Fcategories&post=763"},{"taxonomy":"post_tag","embeddable":true,"href":"https:\/\/wgphoto.pl\/t\/index.php?rest_route=%2Fwp%2Fv2%2Ftags&post=763"}],"curies":[{"name":"wp","href":"https:\/\/api.w.org\/{rel}","templated":true}]}}