{"id":7638,"date":"2024-12-13T18:56:30","date_gmt":"2024-12-13T17:56:30","guid":{"rendered":"https:\/\/wgphoto.pl\/t\/?p=7638"},"modified":"2024-12-13T18:56:30","modified_gmt":"2024-12-13T17:56:30","slug":"105-na-luku","status":"publish","type":"post","link":"https:\/\/wgphoto.pl\/t\/?p=7638","title":{"rendered":"105 Na \u0142uku"},"content":{"rendered":"\n<figure class=\"wp-block-image aligncenter size-full\"><img loading=\"lazy\" decoding=\"async\" width=\"1200\" height=\"795\" src=\"https:\/\/wgphoto.pl\/t\/wp-content\/uploads\/2024\/12\/IMGP4855.jpg\" alt=\"\" class=\"wp-image-7639\" srcset=\"https:\/\/wgphoto.pl\/t\/wp-content\/uploads\/2024\/12\/IMGP4855.jpg 1200w, https:\/\/wgphoto.pl\/t\/wp-content\/uploads\/2024\/12\/IMGP4855-300x199.jpg 300w, https:\/\/wgphoto.pl\/t\/wp-content\/uploads\/2024\/12\/IMGP4855-768x509.jpg 768w\" sizes=\"auto, (max-width: 1200px) 100vw, 1200px\" \/><\/figure>\n\n\n\n<div class=\"wp-block-group has-global-padding is-layout-constrained wp-block-group-is-layout-constrained\">\n<p>Do kolekcji zdj\u0119\u0107 jesiennych dorzucam tak\u0105 kombinatoryk\u0119 z Parku Po\u0142udniowego. 2017-11-01<\/p>\n<\/div>\n","protected":false},"excerpt":{"rendered":"<p>Do kolekcji zdj\u0119\u0107 jesiennych dorzucam tak\u0105 kombinatoryk\u0119 z Parku Po\u0142udniowego. 2017-11-01<\/p>\n","protected":false},"author":1,"featured_media":7639,"comment_status":"open","ping_status":"","sticky":false,"template":"","format":"standard","meta":{"footnotes":""},"categories":[368,3],"tags":[43,2627,126,42,27,439,41],"class_list":["post-7638","post","type-post","status-publish","format-standard","has-post-thumbnail","hentry","category-rok-2017","category-tramwaj","tag-105nwr","tag-2017-11-01","tag-jesien","tag-mpk-wroclaw","tag-polska","tag-we-fabryce","tag-wroclaw"],"_links":{"self":[{"href":"https:\/\/wgphoto.pl\/t\/index.php?rest_route=\/wp\/v2\/posts\/7638","targetHints":{"allow":["GET"]}}],"collection":[{"href":"https:\/\/wgphoto.pl\/t\/index.php?rest_route=\/wp\/v2\/posts"}],"about":[{"href":"https:\/\/wgphoto.pl\/t\/index.php?rest_route=\/wp\/v2\/types\/post"}],"author":[{"embeddable":true,"href":"https:\/\/wgphoto.pl\/t\/index.php?rest_route=\/wp\/v2\/users\/1"}],"replies":[{"embeddable":true,"href":"https:\/\/wgphoto.pl\/t\/index.php?rest_route=%2Fwp%2Fv2%2Fcomments&post=7638"}],"version-history":[{"count":1,"href":"https:\/\/wgphoto.pl\/t\/index.php?rest_route=\/wp\/v2\/posts\/7638\/revisions"}],"predecessor-version":[{"id":7640,"href":"https:\/\/wgphoto.pl\/t\/index.php?rest_route=\/wp\/v2\/posts\/7638\/revisions\/7640"}],"wp:featuredmedia":[{"embeddable":true,"href":"https:\/\/wgphoto.pl\/t\/index.php?rest_route=\/wp\/v2\/media\/7639"}],"wp:attachment":[{"href":"https:\/\/wgphoto.pl\/t\/index.php?rest_route=%2Fwp%2Fv2%2Fmedia&parent=7638"}],"wp:term":[{"taxonomy":"category","embeddable":true,"href":"https:\/\/wgphoto.pl\/t\/index.php?rest_route=%2Fwp%2Fv2%2Fcategories&post=7638"},{"taxonomy":"post_tag","embeddable":true,"href":"https:\/\/wgphoto.pl\/t\/index.php?rest_route=%2Fwp%2Fv2%2Ftags&post=7638"}],"curies":[{"name":"wp","href":"https:\/\/api.w.org\/{rel}","templated":true}]}}