{"id":7641,"date":"2024-12-13T18:57:35","date_gmt":"2024-12-13T17:57:35","guid":{"rendered":"https:\/\/wgphoto.pl\/t\/?p=7641"},"modified":"2024-12-13T18:57:35","modified_gmt":"2024-12-13T17:57:35","slug":"silnikowy-bez-kabiny","status":"publish","type":"post","link":"https:\/\/wgphoto.pl\/t\/?p=7641","title":{"rendered":"Silnikowy bez kabiny"},"content":{"rendered":"\n<figure class=\"wp-block-image aligncenter size-full\"><img loading=\"lazy\" decoding=\"async\" width=\"1200\" height=\"803\" src=\"https:\/\/wgphoto.pl\/t\/wp-content\/uploads\/2024\/12\/IMGP8614.jpg\" alt=\"\" class=\"wp-image-7642\" srcset=\"https:\/\/wgphoto.pl\/t\/wp-content\/uploads\/2024\/12\/IMGP8614.jpg 1200w, https:\/\/wgphoto.pl\/t\/wp-content\/uploads\/2024\/12\/IMGP8614-300x201.jpg 300w, https:\/\/wgphoto.pl\/t\/wp-content\/uploads\/2024\/12\/IMGP8614-768x514.jpg 768w\" sizes=\"auto, (max-width: 1200px) 100vw, 1200px\" \/><\/figure>\n\n\n\n<div class=\"wp-block-group has-global-padding is-layout-constrained wp-block-group-is-layout-constrained\">\n<p>Jedziemy kursem skr\u00f3conym do zajezdni w doczepie czynnej potr\u00f3jniaka. Pod os\u0142on\u0105 schowany jest pulpit, a dowodem na istnienie nap\u0119du w tym wagonie jest pantograf odbijaj\u0105cy si\u0119 w szybie. 21.10.2010<\/p>\n<\/div>\n","protected":false},"excerpt":{"rendered":"<p>Jedziemy kursem skr\u00f3conym do zajezdni w doczepie czynnej potr\u00f3jniaka. Pod os\u0142on\u0105 schowany jest pulpit, a dowodem na istnienie nap\u0119du w tym wagonie jest pantograf odbijaj\u0105cy si\u0119 w szybie. 21.10.2010<\/p>\n","protected":false},"author":1,"featured_media":7642,"comment_status":"open","ping_status":"","sticky":false,"template":"","format":"standard","meta":{"footnotes":""},"categories":[220,86,3],"tags":[855,851,850,23,1112,454],"class_list":["post-7641","post","type-post","status-publish","format-standard","has-post-thumbnail","hentry","category-blo","category-rok-2010","category-tramwaj","tag-2010-10-21","tag-drezno","tag-dvb-dresden","tag-niemcy","tag-tatra-t4","tag-wnetrza-pojazdow"],"_links":{"self":[{"href":"https:\/\/wgphoto.pl\/t\/index.php?rest_route=\/wp\/v2\/posts\/7641","targetHints":{"allow":["GET"]}}],"collection":[{"href":"https:\/\/wgphoto.pl\/t\/index.php?rest_route=\/wp\/v2\/posts"}],"about":[{"href":"https:\/\/wgphoto.pl\/t\/index.php?rest_route=\/wp\/v2\/types\/post"}],"author":[{"embeddable":true,"href":"https:\/\/wgphoto.pl\/t\/index.php?rest_route=\/wp\/v2\/users\/1"}],"replies":[{"embeddable":true,"href":"https:\/\/wgphoto.pl\/t\/index.php?rest_route=%2Fwp%2Fv2%2Fcomments&post=7641"}],"version-history":[{"count":1,"href":"https:\/\/wgphoto.pl\/t\/index.php?rest_route=\/wp\/v2\/posts\/7641\/revisions"}],"predecessor-version":[{"id":7643,"href":"https:\/\/wgphoto.pl\/t\/index.php?rest_route=\/wp\/v2\/posts\/7641\/revisions\/7643"}],"wp:featuredmedia":[{"embeddable":true,"href":"https:\/\/wgphoto.pl\/t\/index.php?rest_route=\/wp\/v2\/media\/7642"}],"wp:attachment":[{"href":"https:\/\/wgphoto.pl\/t\/index.php?rest_route=%2Fwp%2Fv2%2Fmedia&parent=7641"}],"wp:term":[{"taxonomy":"category","embeddable":true,"href":"https:\/\/wgphoto.pl\/t\/index.php?rest_route=%2Fwp%2Fv2%2Fcategories&post=7641"},{"taxonomy":"post_tag","embeddable":true,"href":"https:\/\/wgphoto.pl\/t\/index.php?rest_route=%2Fwp%2Fv2%2Ftags&post=7641"}],"curies":[{"name":"wp","href":"https:\/\/api.w.org\/{rel}","templated":true}]}}