{"id":7666,"date":"2024-12-13T19:06:27","date_gmt":"2024-12-13T18:06:27","guid":{"rendered":"https:\/\/wgphoto.pl\/t\/?p=7666"},"modified":"2024-12-13T19:06:27","modified_gmt":"2024-12-13T18:06:27","slug":"colombier","status":"publish","type":"post","link":"https:\/\/wgphoto.pl\/t\/?p=7666","title":{"rendered":"Colombier"},"content":{"rendered":"\n<figure class=\"wp-block-image aligncenter size-full\"><img loading=\"lazy\" decoding=\"async\" width=\"1200\" height=\"675\" src=\"https:\/\/wgphoto.pl\/t\/wp-content\/uploads\/2024\/12\/IMGP7780.jpg\" alt=\"\" class=\"wp-image-7667\" srcset=\"https:\/\/wgphoto.pl\/t\/wp-content\/uploads\/2024\/12\/IMGP7780.jpg 1200w, https:\/\/wgphoto.pl\/t\/wp-content\/uploads\/2024\/12\/IMGP7780-300x169.jpg 300w, https:\/\/wgphoto.pl\/t\/wp-content\/uploads\/2024\/12\/IMGP7780-768x432.jpg 768w\" sizes=\"auto, (max-width: 1200px) 100vw, 1200px\" \/><\/figure>\n\n\n\n<div class=\"wp-block-group has-global-padding is-layout-constrained wp-block-group-is-layout-constrained\">\n<p>Mijanka Colombier Littorail (drugi cz\u0142on wyrazowy dodano zapewne dla odr\u00f3\u017cnienia od stacji o tej samej nazwie, le\u017c\u0105cej na &#8222;du\u017cej&#8221; kolei) nawi\u0105zuje troch\u0119 do kolejowego charakteru tego podmiejskiego tramwaju: jest budynek stacyjny, jest wiata, jest kolejowe oznakowanie zwrotnic. S\u0105 te\u017c bazgro\u0142y na elewacji, pokazuj\u0105ce \u017ce Szwajcaria wcale nie jest w 100% sterylna, a przynajmniej nie we francuskoj\u0119zycznej cz\u0119\u015bci. \ud83d\ude09 24.03.2018<\/p>\n<\/div>\n","protected":false},"excerpt":{"rendered":"<p>Mijanka Colombier Littorail (drugi cz\u0142on wyrazowy dodano zapewne dla odr\u00f3\u017cnienia od stacji o tej samej nazwie, le\u017c\u0105cej na &#8222;du\u017cej&#8221; kolei) nawi\u0105zuje troch\u0119 do kolejowego charakteru tego podmiejskiego tramwaju: jest budynek stacyjny, jest wiata, jest kolejowe oznakowanie zwrotnic. S\u0105 te\u017c bazgro\u0142y na elewacji, pokazuj\u0105ce \u017ce Szwajcaria wcale nie jest w 100% sterylna, a przynajmniej nie we [&hellip;]<\/p>\n","protected":false},"author":1,"featured_media":7667,"comment_status":"open","ping_status":"","sticky":false,"template":"","format":"standard","meta":{"footnotes":""},"categories":[156,3],"tags":[396,2629,1423,183,186],"class_list":["post-7666","post","type-post","status-publish","format-standard","has-post-thumbnail","hentry","category-rok-2018","category-tramwaj","tag-2018-03-24","tag-neuchatel","tag-schindler-be","tag-suissetrip-2018","tag-szwajcaria"],"_links":{"self":[{"href":"https:\/\/wgphoto.pl\/t\/index.php?rest_route=\/wp\/v2\/posts\/7666","targetHints":{"allow":["GET"]}}],"collection":[{"href":"https:\/\/wgphoto.pl\/t\/index.php?rest_route=\/wp\/v2\/posts"}],"about":[{"href":"https:\/\/wgphoto.pl\/t\/index.php?rest_route=\/wp\/v2\/types\/post"}],"author":[{"embeddable":true,"href":"https:\/\/wgphoto.pl\/t\/index.php?rest_route=\/wp\/v2\/users\/1"}],"replies":[{"embeddable":true,"href":"https:\/\/wgphoto.pl\/t\/index.php?rest_route=%2Fwp%2Fv2%2Fcomments&post=7666"}],"version-history":[{"count":1,"href":"https:\/\/wgphoto.pl\/t\/index.php?rest_route=\/wp\/v2\/posts\/7666\/revisions"}],"predecessor-version":[{"id":7668,"href":"https:\/\/wgphoto.pl\/t\/index.php?rest_route=\/wp\/v2\/posts\/7666\/revisions\/7668"}],"wp:featuredmedia":[{"embeddable":true,"href":"https:\/\/wgphoto.pl\/t\/index.php?rest_route=\/wp\/v2\/media\/7667"}],"wp:attachment":[{"href":"https:\/\/wgphoto.pl\/t\/index.php?rest_route=%2Fwp%2Fv2%2Fmedia&parent=7666"}],"wp:term":[{"taxonomy":"category","embeddable":true,"href":"https:\/\/wgphoto.pl\/t\/index.php?rest_route=%2Fwp%2Fv2%2Fcategories&post=7666"},{"taxonomy":"post_tag","embeddable":true,"href":"https:\/\/wgphoto.pl\/t\/index.php?rest_route=%2Fwp%2Fv2%2Ftags&post=7666"}],"curies":[{"name":"wp","href":"https:\/\/api.w.org\/{rel}","templated":true}]}}