{"id":7669,"date":"2024-12-13T23:05:40","date_gmt":"2024-12-13T22:05:40","guid":{"rendered":"https:\/\/wgphoto.pl\/t\/?p=7669"},"modified":"2025-08-23T15:48:35","modified_gmt":"2025-08-23T13:48:35","slug":"ze-kapelusz-pasuje-do-trabanta","status":"publish","type":"post","link":"https:\/\/wgphoto.pl\/t\/?p=7669","title":{"rendered":"\u017be kapelusz pasuje do trabanta"},"content":{"rendered":"\n<figure class=\"wp-block-image aligncenter size-full\"><img loading=\"lazy\" decoding=\"async\" width=\"1400\" height=\"905\" src=\"https:\/\/wgphoto.pl\/t\/wp-content\/uploads\/2024\/12\/0617-33_rsn.jpg\" alt=\"\" class=\"wp-image-21651\" srcset=\"https:\/\/wgphoto.pl\/t\/wp-content\/uploads\/2024\/12\/0617-33_rsn.jpg 1400w, https:\/\/wgphoto.pl\/t\/wp-content\/uploads\/2024\/12\/0617-33_rsn-300x194.jpg 300w, https:\/\/wgphoto.pl\/t\/wp-content\/uploads\/2024\/12\/0617-33_rsn-768x496.jpg 768w\" sizes=\"auto, (max-width: 1400px) 100vw, 1400px\" \/><\/figure>\n\n\n\n<div class=\"wp-block-group has-global-padding is-layout-constrained wp-block-group-is-layout-constrained\">\n<p>Wahad\u0142o 105Na 2429+2430 na ulicy Karola Olszewskiego we Wroc\u0142awiu. Kobieta w kapeluszu nie jest kierowc\u0105 trabanta, cho\u0107 wyj\u0105tkowo do niego pasuje. 01.08.2006<\/p>\n<\/div>\n","protected":false},"excerpt":{"rendered":"<p>Wahad\u0142o 105Na 2429+2430 na ulicy Karola Olszewskiego we Wroc\u0142awiu. Kobieta w kapeluszu nie jest kierowc\u0105 trabanta, cho\u0107 wyj\u0105tkowo do niego pasuje. 01.08.2006<\/p>\n","protected":false},"author":1,"featured_media":21651,"comment_status":"open","ping_status":"","sticky":false,"template":"","format":"standard","meta":{"footnotes":""},"categories":[130,3],"tags":[155,2630,418,42,27,1990,1510,41],"class_list":["post-7669","post","type-post","status-publish","format-standard","has-post-thumbnail","hentry","category-rok-2006","category-tramwaj","tag-105na","tag-2006-08-01","tag-auto","tag-mpk-wroclaw","tag-polska","tag-ruch-wahadlowy","tag-skany-z-odrzanskiej","tag-wroclaw"],"_links":{"self":[{"href":"https:\/\/wgphoto.pl\/t\/index.php?rest_route=\/wp\/v2\/posts\/7669","targetHints":{"allow":["GET"]}}],"collection":[{"href":"https:\/\/wgphoto.pl\/t\/index.php?rest_route=\/wp\/v2\/posts"}],"about":[{"href":"https:\/\/wgphoto.pl\/t\/index.php?rest_route=\/wp\/v2\/types\/post"}],"author":[{"embeddable":true,"href":"https:\/\/wgphoto.pl\/t\/index.php?rest_route=\/wp\/v2\/users\/1"}],"replies":[{"embeddable":true,"href":"https:\/\/wgphoto.pl\/t\/index.php?rest_route=%2Fwp%2Fv2%2Fcomments&post=7669"}],"version-history":[{"count":2,"href":"https:\/\/wgphoto.pl\/t\/index.php?rest_route=\/wp\/v2\/posts\/7669\/revisions"}],"predecessor-version":[{"id":21652,"href":"https:\/\/wgphoto.pl\/t\/index.php?rest_route=\/wp\/v2\/posts\/7669\/revisions\/21652"}],"wp:featuredmedia":[{"embeddable":true,"href":"https:\/\/wgphoto.pl\/t\/index.php?rest_route=\/wp\/v2\/media\/21651"}],"wp:attachment":[{"href":"https:\/\/wgphoto.pl\/t\/index.php?rest_route=%2Fwp%2Fv2%2Fmedia&parent=7669"}],"wp:term":[{"taxonomy":"category","embeddable":true,"href":"https:\/\/wgphoto.pl\/t\/index.php?rest_route=%2Fwp%2Fv2%2Fcategories&post=7669"},{"taxonomy":"post_tag","embeddable":true,"href":"https:\/\/wgphoto.pl\/t\/index.php?rest_route=%2Fwp%2Fv2%2Ftags&post=7669"}],"curies":[{"name":"wp","href":"https:\/\/api.w.org\/{rel}","templated":true}]}}