{"id":7672,"date":"2024-12-13T23:06:46","date_gmt":"2024-12-13T22:06:46","guid":{"rendered":"https:\/\/wgphoto.pl\/t\/?p=7672"},"modified":"2024-12-13T23:06:46","modified_gmt":"2024-12-13T22:06:46","slug":"z-tej-strony-bez-zera","status":"publish","type":"post","link":"https:\/\/wgphoto.pl\/t\/?p=7672","title":{"rendered":"Z tej strony bez zera"},"content":{"rendered":"\n<figure class=\"wp-block-image aligncenter size-full\"><img loading=\"lazy\" decoding=\"async\" width=\"1050\" height=\"591\" src=\"https:\/\/wgphoto.pl\/t\/wp-content\/uploads\/2024\/12\/0732-17.jpg\" alt=\"\" class=\"wp-image-7673\" srcset=\"https:\/\/wgphoto.pl\/t\/wp-content\/uploads\/2024\/12\/0732-17.jpg 1050w, https:\/\/wgphoto.pl\/t\/wp-content\/uploads\/2024\/12\/0732-17-300x169.jpg 300w, https:\/\/wgphoto.pl\/t\/wp-content\/uploads\/2024\/12\/0732-17-768x432.jpg 768w\" sizes=\"auto, (max-width: 1050px) 100vw, 1050px\" \/><\/figure>\n\n\n\n<div class=\"wp-block-group has-global-padding is-layout-constrained wp-block-group-is-layout-constrained\">\n<p>Lu\u017any romek (na tym czole 71 bez zera) min\u0105\u0142 semafor wjazdowy do Boguszowa-Gorc Wsch\u00f3d od strony Mieroszowa, udaj\u0105c si\u0119 w kierunku rzeczonej miejscowo\u015bci. W tle, na zboczu Dzikowca (836 m n.p.m.), widoczne jest startowisko dla paralotniarzy. 19.09.2007<\/p>\n<\/div>\n","protected":false},"excerpt":{"rendered":"<p>Lu\u017any romek (na tym czole 71 bez zera) min\u0105\u0142 semafor wjazdowy do Boguszowa-Gorc Wsch\u00f3d od strony Mieroszowa, udaj\u0105c si\u0119 w kierunku rzeczonej miejscowo\u015bci. W tle, na zboczu Dzikowca (836 m n.p.m.), widoczne jest startowisko dla paralotniarzy. 19.09.2007<\/p>\n","protected":false},"author":1,"featured_media":7673,"comment_status":"open","ping_status":"","sticky":false,"template":"","format":"standard","meta":{"footnotes":""},"categories":[62,96,3],"tags":[2631,796,63,27,1510,64,200],"class_list":["post-7672","post","type-post","status-publish","format-standard","has-post-thumbnail","hentry","category-analog","category-rok-2007","category-tramwaj","tag-2007-09-19","tag-boguszow-gorce-wschod","tag-pkp","tag-polska","tag-skany-z-odrzanskiej","tag-st43","tag-tab-pl240"],"_links":{"self":[{"href":"https:\/\/wgphoto.pl\/t\/index.php?rest_route=\/wp\/v2\/posts\/7672","targetHints":{"allow":["GET"]}}],"collection":[{"href":"https:\/\/wgphoto.pl\/t\/index.php?rest_route=\/wp\/v2\/posts"}],"about":[{"href":"https:\/\/wgphoto.pl\/t\/index.php?rest_route=\/wp\/v2\/types\/post"}],"author":[{"embeddable":true,"href":"https:\/\/wgphoto.pl\/t\/index.php?rest_route=\/wp\/v2\/users\/1"}],"replies":[{"embeddable":true,"href":"https:\/\/wgphoto.pl\/t\/index.php?rest_route=%2Fwp%2Fv2%2Fcomments&post=7672"}],"version-history":[{"count":1,"href":"https:\/\/wgphoto.pl\/t\/index.php?rest_route=\/wp\/v2\/posts\/7672\/revisions"}],"predecessor-version":[{"id":7674,"href":"https:\/\/wgphoto.pl\/t\/index.php?rest_route=\/wp\/v2\/posts\/7672\/revisions\/7674"}],"wp:featuredmedia":[{"embeddable":true,"href":"https:\/\/wgphoto.pl\/t\/index.php?rest_route=\/wp\/v2\/media\/7673"}],"wp:attachment":[{"href":"https:\/\/wgphoto.pl\/t\/index.php?rest_route=%2Fwp%2Fv2%2Fmedia&parent=7672"}],"wp:term":[{"taxonomy":"category","embeddable":true,"href":"https:\/\/wgphoto.pl\/t\/index.php?rest_route=%2Fwp%2Fv2%2Fcategories&post=7672"},{"taxonomy":"post_tag","embeddable":true,"href":"https:\/\/wgphoto.pl\/t\/index.php?rest_route=%2Fwp%2Fv2%2Ftags&post=7672"}],"curies":[{"name":"wp","href":"https:\/\/api.w.org\/{rel}","templated":true}]}}