{"id":7678,"date":"2024-12-13T23:09:16","date_gmt":"2024-12-13T22:09:16","guid":{"rendered":"https:\/\/wgphoto.pl\/t\/?p=7678"},"modified":"2024-12-13T23:09:16","modified_gmt":"2024-12-13T22:09:16","slug":"stozek","status":"publish","type":"post","link":"https:\/\/wgphoto.pl\/t\/?p=7678","title":{"rendered":"Sto\u017cek"},"content":{"rendered":"\n<figure class=\"wp-block-image aligncenter size-full\"><img loading=\"lazy\" decoding=\"async\" width=\"597\" height=\"900\" src=\"https:\/\/wgphoto.pl\/t\/wp-content\/uploads\/2024\/12\/0732-12.jpg\" alt=\"\" class=\"wp-image-7679\" srcset=\"https:\/\/wgphoto.pl\/t\/wp-content\/uploads\/2024\/12\/0732-12.jpg 597w, https:\/\/wgphoto.pl\/t\/wp-content\/uploads\/2024\/12\/0732-12-199x300.jpg 199w\" sizes=\"auto, (max-width: 597px) 100vw, 597px\" \/><\/figure>\n\n\n\n<div class=\"wp-block-group has-global-padding is-layout-constrained wp-block-group-is-layout-constrained\">\n<p>Poci\u0105g towarowy w kierunku Wa\u0142brzycha, prowadzony duetem ST43-241+071, przed momentem min\u0105\u0142 nieczynny p.o. Unis\u0142aw \u015al\u0105ski. Perspektyw\u0119 zamyka Sto\u017cek Wielki (839,9 m n.p.m.). 19.09.2007<\/p>\n<\/div>\n","protected":false},"excerpt":{"rendered":"<p>Poci\u0105g towarowy w kierunku Wa\u0142brzycha, prowadzony duetem ST43-241+071, przed momentem min\u0105\u0142 nieczynny p.o. Unis\u0142aw \u015al\u0105ski. Perspektyw\u0119 zamyka Sto\u017cek Wielki (839,9 m n.p.m.). 19.09.2007<\/p>\n","protected":false},"author":1,"featured_media":7679,"comment_status":"open","ping_status":"","sticky":false,"template":"","format":"standard","meta":{"footnotes":""},"categories":[62,2,128,96],"tags":[2631,114,63,27,1510,64,200,2632],"class_list":["post-7678","post","type-post","status-publish","format-standard","has-post-thumbnail","hentry","category-analog","category-kolej","category-pionowe","category-rok-2007","tag-2007-09-19","tag-gory","tag-pkp","tag-polska","tag-skany-z-odrzanskiej","tag-st43","tag-tab-pl240","tag-unislaw-slaski"],"_links":{"self":[{"href":"https:\/\/wgphoto.pl\/t\/index.php?rest_route=\/wp\/v2\/posts\/7678","targetHints":{"allow":["GET"]}}],"collection":[{"href":"https:\/\/wgphoto.pl\/t\/index.php?rest_route=\/wp\/v2\/posts"}],"about":[{"href":"https:\/\/wgphoto.pl\/t\/index.php?rest_route=\/wp\/v2\/types\/post"}],"author":[{"embeddable":true,"href":"https:\/\/wgphoto.pl\/t\/index.php?rest_route=\/wp\/v2\/users\/1"}],"replies":[{"embeddable":true,"href":"https:\/\/wgphoto.pl\/t\/index.php?rest_route=%2Fwp%2Fv2%2Fcomments&post=7678"}],"version-history":[{"count":1,"href":"https:\/\/wgphoto.pl\/t\/index.php?rest_route=\/wp\/v2\/posts\/7678\/revisions"}],"predecessor-version":[{"id":7680,"href":"https:\/\/wgphoto.pl\/t\/index.php?rest_route=\/wp\/v2\/posts\/7678\/revisions\/7680"}],"wp:featuredmedia":[{"embeddable":true,"href":"https:\/\/wgphoto.pl\/t\/index.php?rest_route=\/wp\/v2\/media\/7679"}],"wp:attachment":[{"href":"https:\/\/wgphoto.pl\/t\/index.php?rest_route=%2Fwp%2Fv2%2Fmedia&parent=7678"}],"wp:term":[{"taxonomy":"category","embeddable":true,"href":"https:\/\/wgphoto.pl\/t\/index.php?rest_route=%2Fwp%2Fv2%2Fcategories&post=7678"},{"taxonomy":"post_tag","embeddable":true,"href":"https:\/\/wgphoto.pl\/t\/index.php?rest_route=%2Fwp%2Fv2%2Ftags&post=7678"}],"curies":[{"name":"wp","href":"https:\/\/api.w.org\/{rel}","templated":true}]}}