{"id":7687,"date":"2024-12-13T23:12:23","date_gmt":"2024-12-13T22:12:23","guid":{"rendered":"https:\/\/wgphoto.pl\/t\/?p=7687"},"modified":"2024-12-13T23:14:11","modified_gmt":"2024-12-13T22:14:11","slug":"pierwsze-oznaki-jesieni","status":"publish","type":"post","link":"https:\/\/wgphoto.pl\/t\/?p=7687","title":{"rendered":"Pierwsze oznaki jesieni"},"content":{"rendered":"\n<figure class=\"wp-block-image aligncenter size-full\"><img loading=\"lazy\" decoding=\"async\" width=\"1050\" height=\"696\" src=\"https:\/\/wgphoto.pl\/t\/wp-content\/uploads\/2024\/12\/0732-08.jpg\" alt=\"\" class=\"wp-image-7688\" srcset=\"https:\/\/wgphoto.pl\/t\/wp-content\/uploads\/2024\/12\/0732-08.jpg 1050w, https:\/\/wgphoto.pl\/t\/wp-content\/uploads\/2024\/12\/0732-08-300x199.jpg 300w, https:\/\/wgphoto.pl\/t\/wp-content\/uploads\/2024\/12\/0732-08-768x509.jpg 768w\" sizes=\"auto, (max-width: 1050px) 100vw, 1050px\" \/><\/figure>\n\n\n\n<div class=\"wp-block-group has-global-padding is-layout-constrained wp-block-group-is-layout-constrained\">\n<p>ST43-293 wje\u017cd\u017ca do Mieroszowa z towarem od strony Czech. Wbrew temu co sugeruje ustawienie widocznych zwrotnic, poci\u0105g mnie zaraz nie przejedzie. \ud83d\ude09 Na prawo od lokomotywy stoi poniemiecki s\u0142up trakcyjny. 19.09.2007<\/p>\n<\/div>\n","protected":false},"excerpt":{"rendered":"<p>ST43-293 wje\u017cd\u017ca do Mieroszowa z towarem od strony Czech. Wbrew temu co sugeruje ustawienie widocznych zwrotnic, poci\u0105g mnie zaraz nie przejedzie. \ud83d\ude09 Na prawo od lokomotywy stoi poniemiecki s\u0142up trakcyjny. 19.09.2007<\/p>\n","protected":false},"author":1,"featured_media":7688,"comment_status":"open","ping_status":"","sticky":false,"template":"","format":"standard","meta":{"footnotes":""},"categories":[62,2,96],"tags":[2631,126,2633,63,27,1510,64,200],"class_list":["post-7687","post","type-post","status-publish","format-standard","has-post-thumbnail","hentry","category-analog","category-kolej","category-rok-2007","tag-2007-09-19","tag-jesien","tag-mieroszow","tag-pkp","tag-polska","tag-skany-z-odrzanskiej","tag-st43","tag-tab-pl240"],"_links":{"self":[{"href":"https:\/\/wgphoto.pl\/t\/index.php?rest_route=\/wp\/v2\/posts\/7687","targetHints":{"allow":["GET"]}}],"collection":[{"href":"https:\/\/wgphoto.pl\/t\/index.php?rest_route=\/wp\/v2\/posts"}],"about":[{"href":"https:\/\/wgphoto.pl\/t\/index.php?rest_route=\/wp\/v2\/types\/post"}],"author":[{"embeddable":true,"href":"https:\/\/wgphoto.pl\/t\/index.php?rest_route=\/wp\/v2\/users\/1"}],"replies":[{"embeddable":true,"href":"https:\/\/wgphoto.pl\/t\/index.php?rest_route=%2Fwp%2Fv2%2Fcomments&post=7687"}],"version-history":[{"count":1,"href":"https:\/\/wgphoto.pl\/t\/index.php?rest_route=\/wp\/v2\/posts\/7687\/revisions"}],"predecessor-version":[{"id":7689,"href":"https:\/\/wgphoto.pl\/t\/index.php?rest_route=\/wp\/v2\/posts\/7687\/revisions\/7689"}],"wp:featuredmedia":[{"embeddable":true,"href":"https:\/\/wgphoto.pl\/t\/index.php?rest_route=\/wp\/v2\/media\/7688"}],"wp:attachment":[{"href":"https:\/\/wgphoto.pl\/t\/index.php?rest_route=%2Fwp%2Fv2%2Fmedia&parent=7687"}],"wp:term":[{"taxonomy":"category","embeddable":true,"href":"https:\/\/wgphoto.pl\/t\/index.php?rest_route=%2Fwp%2Fv2%2Fcategories&post=7687"},{"taxonomy":"post_tag","embeddable":true,"href":"https:\/\/wgphoto.pl\/t\/index.php?rest_route=%2Fwp%2Fv2%2Ftags&post=7687"}],"curies":[{"name":"wp","href":"https:\/\/api.w.org\/{rel}","templated":true}]}}