{"id":7690,"date":"2024-12-13T23:13:23","date_gmt":"2024-12-13T22:13:23","guid":{"rendered":"https:\/\/wgphoto.pl\/t\/?p=7690"},"modified":"2024-12-13T23:13:53","modified_gmt":"2024-12-13T22:13:53","slug":"nieporzadek","status":"publish","type":"post","link":"https:\/\/wgphoto.pl\/t\/?p=7690","title":{"rendered":"Nieporz\u0105dek"},"content":{"rendered":"\n<figure class=\"wp-block-image aligncenter size-full\"><img loading=\"lazy\" decoding=\"async\" width=\"1050\" height=\"696\" src=\"https:\/\/wgphoto.pl\/t\/wp-content\/uploads\/2024\/12\/0732-09.jpg\" alt=\"\" class=\"wp-image-7691\" srcset=\"https:\/\/wgphoto.pl\/t\/wp-content\/uploads\/2024\/12\/0732-09.jpg 1050w, https:\/\/wgphoto.pl\/t\/wp-content\/uploads\/2024\/12\/0732-09-300x199.jpg 300w, https:\/\/wgphoto.pl\/t\/wp-content\/uploads\/2024\/12\/0732-09-768x509.jpg 768w\" sizes=\"auto, (max-width: 1050px) 100vw, 1050px\" \/><\/figure>\n\n\n\n<div class=\"wp-block-group has-global-padding is-layout-constrained wp-block-group-is-layout-constrained\">\n<p>ST43-71+241 z d\u0142ugim sk\u0142adem towarowym na haku odje\u017cd\u017caj\u0105 z Mieroszowa w kierunku Mezim\u011bst\u00ed. Wiadomo \u017ce bez krzak\u00f3w by\u0142oby lepiej, ale pewnie nie zd\u0105\u017cy\u0142em si\u0119 ustawi\u0107, skoro zrobi\u0142em tak. 19.09.2007<\/p>\n<\/div>\n","protected":false},"excerpt":{"rendered":"<p>ST43-71+241 z d\u0142ugim sk\u0142adem towarowym na haku odje\u017cd\u017caj\u0105 z Mieroszowa w kierunku Mezim\u011bst\u00ed. Wiadomo \u017ce bez krzak\u00f3w by\u0142oby lepiej, ale pewnie nie zd\u0105\u017cy\u0142em si\u0119 ustawi\u0107, skoro zrobi\u0142em tak. 19.09.2007<\/p>\n","protected":false},"author":1,"featured_media":7691,"comment_status":"open","ping_status":"","sticky":false,"template":"","format":"standard","meta":{"footnotes":""},"categories":[62,2,96],"tags":[2631,2633,63,27,1510,64,53,200],"class_list":["post-7690","post","type-post","status-publish","format-standard","has-post-thumbnail","hentry","category-analog","category-kolej","category-rok-2007","tag-2007-09-19","tag-mieroszow","tag-pkp","tag-polska","tag-skany-z-odrzanskiej","tag-st43","tag-sygnalizacja-ksztaltowa","tag-tab-pl240"],"_links":{"self":[{"href":"https:\/\/wgphoto.pl\/t\/index.php?rest_route=\/wp\/v2\/posts\/7690","targetHints":{"allow":["GET"]}}],"collection":[{"href":"https:\/\/wgphoto.pl\/t\/index.php?rest_route=\/wp\/v2\/posts"}],"about":[{"href":"https:\/\/wgphoto.pl\/t\/index.php?rest_route=\/wp\/v2\/types\/post"}],"author":[{"embeddable":true,"href":"https:\/\/wgphoto.pl\/t\/index.php?rest_route=\/wp\/v2\/users\/1"}],"replies":[{"embeddable":true,"href":"https:\/\/wgphoto.pl\/t\/index.php?rest_route=%2Fwp%2Fv2%2Fcomments&post=7690"}],"version-history":[{"count":1,"href":"https:\/\/wgphoto.pl\/t\/index.php?rest_route=\/wp\/v2\/posts\/7690\/revisions"}],"predecessor-version":[{"id":7692,"href":"https:\/\/wgphoto.pl\/t\/index.php?rest_route=\/wp\/v2\/posts\/7690\/revisions\/7692"}],"wp:featuredmedia":[{"embeddable":true,"href":"https:\/\/wgphoto.pl\/t\/index.php?rest_route=\/wp\/v2\/media\/7691"}],"wp:attachment":[{"href":"https:\/\/wgphoto.pl\/t\/index.php?rest_route=%2Fwp%2Fv2%2Fmedia&parent=7690"}],"wp:term":[{"taxonomy":"category","embeddable":true,"href":"https:\/\/wgphoto.pl\/t\/index.php?rest_route=%2Fwp%2Fv2%2Fcategories&post=7690"},{"taxonomy":"post_tag","embeddable":true,"href":"https:\/\/wgphoto.pl\/t\/index.php?rest_route=%2Fwp%2Fv2%2Ftags&post=7690"}],"curies":[{"name":"wp","href":"https:\/\/api.w.org\/{rel}","templated":true}]}}