{"id":7699,"date":"2024-12-13T23:17:23","date_gmt":"2024-12-13T22:17:23","guid":{"rendered":"https:\/\/wgphoto.pl\/t\/?p=7699"},"modified":"2024-12-13T23:17:23","modified_gmt":"2024-12-13T22:17:23","slug":"sloneczniki","status":"publish","type":"post","link":"https:\/\/wgphoto.pl\/t\/?p=7699","title":{"rendered":"S\u0142oneczniki"},"content":{"rendered":"\n<figure class=\"wp-block-image aligncenter size-full\"><img loading=\"lazy\" decoding=\"async\" width=\"1050\" height=\"591\" src=\"https:\/\/wgphoto.pl\/t\/wp-content\/uploads\/2024\/12\/0618-13.jpg\" alt=\"\" class=\"wp-image-7700\" srcset=\"https:\/\/wgphoto.pl\/t\/wp-content\/uploads\/2024\/12\/0618-13.jpg 1050w, https:\/\/wgphoto.pl\/t\/wp-content\/uploads\/2024\/12\/0618-13-300x169.jpg 300w, https:\/\/wgphoto.pl\/t\/wp-content\/uploads\/2024\/12\/0618-13-768x432.jpg 768w\" sizes=\"auto, (max-width: 1050px) 100vw, 1050px\" \/><\/figure>\n\n\n\n<div class=\"wp-block-group has-global-padding is-layout-constrained wp-block-group-is-layout-constrained\">\n<p>Niezidentyfikowane jednostki EN57 w obs\u0142udze poci\u0105gu osobowego 323 z Wroc\u0142awia do K\u0142odzka doje\u017cd\u017caj\u0105 do stacji w Kamie\u0144cu Z\u0105bkowickim. 05.08.2006<\/p>\n<\/div>\n","protected":false},"excerpt":{"rendered":"<p>Niezidentyfikowane jednostki EN57 w obs\u0142udze poci\u0105gu osobowego 323 z Wroc\u0142awia do K\u0142odzka doje\u017cd\u017caj\u0105 do stacji w Kamie\u0144cu Z\u0105bkowickim. 05.08.2006<\/p>\n","protected":false},"author":1,"featured_media":7700,"comment_status":"open","ping_status":"","sticky":false,"template":"","format":"standard","meta":{"footnotes":""},"categories":[62,2,130],"tags":[2634,132,2274,63,27,1113,653,383],"class_list":["post-7699","post","type-post","status-publish","format-standard","has-post-thumbnail","hentry","category-analog","category-kolej","category-rok-2006","tag-2006-08-05","tag-en57","tag-kamieniec-zabkowicki","tag-pkp","tag-polska","tag-roslinnosc","tag-starczow","tag-tab-pl230"],"_links":{"self":[{"href":"https:\/\/wgphoto.pl\/t\/index.php?rest_route=\/wp\/v2\/posts\/7699","targetHints":{"allow":["GET"]}}],"collection":[{"href":"https:\/\/wgphoto.pl\/t\/index.php?rest_route=\/wp\/v2\/posts"}],"about":[{"href":"https:\/\/wgphoto.pl\/t\/index.php?rest_route=\/wp\/v2\/types\/post"}],"author":[{"embeddable":true,"href":"https:\/\/wgphoto.pl\/t\/index.php?rest_route=\/wp\/v2\/users\/1"}],"replies":[{"embeddable":true,"href":"https:\/\/wgphoto.pl\/t\/index.php?rest_route=%2Fwp%2Fv2%2Fcomments&post=7699"}],"version-history":[{"count":1,"href":"https:\/\/wgphoto.pl\/t\/index.php?rest_route=\/wp\/v2\/posts\/7699\/revisions"}],"predecessor-version":[{"id":7701,"href":"https:\/\/wgphoto.pl\/t\/index.php?rest_route=\/wp\/v2\/posts\/7699\/revisions\/7701"}],"wp:featuredmedia":[{"embeddable":true,"href":"https:\/\/wgphoto.pl\/t\/index.php?rest_route=\/wp\/v2\/media\/7700"}],"wp:attachment":[{"href":"https:\/\/wgphoto.pl\/t\/index.php?rest_route=%2Fwp%2Fv2%2Fmedia&parent=7699"}],"wp:term":[{"taxonomy":"category","embeddable":true,"href":"https:\/\/wgphoto.pl\/t\/index.php?rest_route=%2Fwp%2Fv2%2Fcategories&post=7699"},{"taxonomy":"post_tag","embeddable":true,"href":"https:\/\/wgphoto.pl\/t\/index.php?rest_route=%2Fwp%2Fv2%2Ftags&post=7699"}],"curies":[{"name":"wp","href":"https:\/\/api.w.org\/{rel}","templated":true}]}}