{"id":7714,"date":"2024-12-13T23:22:58","date_gmt":"2024-12-13T22:22:58","guid":{"rendered":"https:\/\/wgphoto.pl\/t\/?p=7714"},"modified":"2026-04-04T17:15:34","modified_gmt":"2026-04-04T15:15:34","slug":"krzyzowanie-w-starych-juchach","status":"publish","type":"post","link":"https:\/\/wgphoto.pl\/t\/?p=7714","title":{"rendered":"Krzy\u017cowanie w Starych Juchach"},"content":{"rendered":"\n<figure class=\"wp-block-image aligncenter size-full\"><img loading=\"lazy\" decoding=\"async\" width=\"1050\" height=\"700\" src=\"https:\/\/wgphoto.pl\/t\/wp-content\/uploads\/2024\/12\/0722-16a.jpg\" alt=\"\" class=\"wp-image-7715\" srcset=\"https:\/\/wgphoto.pl\/t\/wp-content\/uploads\/2024\/12\/0722-16a.jpg 1050w, https:\/\/wgphoto.pl\/t\/wp-content\/uploads\/2024\/12\/0722-16a-300x200.jpg 300w, https:\/\/wgphoto.pl\/t\/wp-content\/uploads\/2024\/12\/0722-16a-768x512.jpg 768w\" sizes=\"auto, (max-width: 1050px) 100vw, 1050px\" \/><\/figure>\n\n\n\n<div class=\"wp-block-group has-global-padding is-layout-constrained wp-block-group-is-layout-constrained\">\n<p>SU46-015 z poci\u0105giem pospiesznym 18507 &#8222;Gryf&#8221; z Suwa\u0142k do Szczecina G\u0142. zatrzymuje si\u0119 na stacji w Starych Juchach. Obok na zwolnienie szlaku oczekuje zdawka z Gi\u017cycka lub &#8211; s\u0105dz\u0105c po \u0142adunku &#8211; Wydmin. 20.08.2007<\/p>\n<\/div>\n","protected":false},"excerpt":{"rendered":"<p>SU46-015 z poci\u0105giem pospiesznym 18507 &#8222;Gryf&#8221; z Suwa\u0142k do Szczecina G\u0142. zatrzymuje si\u0119 na stacji w Starych Juchach. Obok na zwolnienie szlaku oczekuje zdawka z Gi\u017cycka lub &#8211; s\u0105dz\u0105c po \u0142adunku &#8211; Wydmin. 20.08.2007<\/p>\n","protected":false},"author":1,"featured_media":7715,"comment_status":"open","ping_status":"","sticky":false,"template":"","format":"standard","meta":{"footnotes":""},"categories":[62,2,96],"tags":[2635,173,389,1186,63,27,1510,1751,84,53,322],"class_list":["post-7714","post","type-post","status-publish","format-standard","has-post-thumbnail","hentry","category-analog","category-kolej","category-rok-2007","tag-2007-08-20","tag-koncowki","tag-mijanka","tag-na-wsiadanego","tag-pkp","tag-polska","tag-skany-z-odrzanskiej","tag-stare-juchy","tag-su46","tag-sygnalizacja-ksztaltowa","tag-tab-pl510"],"_links":{"self":[{"href":"https:\/\/wgphoto.pl\/t\/index.php?rest_route=\/wp\/v2\/posts\/7714","targetHints":{"allow":["GET"]}}],"collection":[{"href":"https:\/\/wgphoto.pl\/t\/index.php?rest_route=\/wp\/v2\/posts"}],"about":[{"href":"https:\/\/wgphoto.pl\/t\/index.php?rest_route=\/wp\/v2\/types\/post"}],"author":[{"embeddable":true,"href":"https:\/\/wgphoto.pl\/t\/index.php?rest_route=\/wp\/v2\/users\/1"}],"replies":[{"embeddable":true,"href":"https:\/\/wgphoto.pl\/t\/index.php?rest_route=%2Fwp%2Fv2%2Fcomments&post=7714"}],"version-history":[{"count":1,"href":"https:\/\/wgphoto.pl\/t\/index.php?rest_route=\/wp\/v2\/posts\/7714\/revisions"}],"predecessor-version":[{"id":7716,"href":"https:\/\/wgphoto.pl\/t\/index.php?rest_route=\/wp\/v2\/posts\/7714\/revisions\/7716"}],"wp:featuredmedia":[{"embeddable":true,"href":"https:\/\/wgphoto.pl\/t\/index.php?rest_route=\/wp\/v2\/media\/7715"}],"wp:attachment":[{"href":"https:\/\/wgphoto.pl\/t\/index.php?rest_route=%2Fwp%2Fv2%2Fmedia&parent=7714"}],"wp:term":[{"taxonomy":"category","embeddable":true,"href":"https:\/\/wgphoto.pl\/t\/index.php?rest_route=%2Fwp%2Fv2%2Fcategories&post=7714"},{"taxonomy":"post_tag","embeddable":true,"href":"https:\/\/wgphoto.pl\/t\/index.php?rest_route=%2Fwp%2Fv2%2Ftags&post=7714"}],"curies":[{"name":"wp","href":"https:\/\/api.w.org\/{rel}","templated":true}]}}