{"id":7720,"date":"2024-12-13T23:25:17","date_gmt":"2024-12-13T22:25:17","guid":{"rendered":"https:\/\/wgphoto.pl\/t\/?p=7720"},"modified":"2024-12-13T23:25:17","modified_gmt":"2024-12-13T22:25:17","slug":"su42-513","status":"publish","type":"post","link":"https:\/\/wgphoto.pl\/t\/?p=7720","title":{"rendered":"SU42-513"},"content":{"rendered":"\n<figure class=\"wp-block-image aligncenter size-full\"><img loading=\"lazy\" decoding=\"async\" width=\"1050\" height=\"696\" src=\"https:\/\/wgphoto.pl\/t\/wp-content\/uploads\/2024\/12\/0722-0a.jpg\" alt=\"\" class=\"wp-image-7721\" srcset=\"https:\/\/wgphoto.pl\/t\/wp-content\/uploads\/2024\/12\/0722-0a.jpg 1050w, https:\/\/wgphoto.pl\/t\/wp-content\/uploads\/2024\/12\/0722-0a-300x199.jpg 300w, https:\/\/wgphoto.pl\/t\/wp-content\/uploads\/2024\/12\/0722-0a-768x509.jpg 768w\" sizes=\"auto, (max-width: 1050px) 100vw, 1050px\" \/><\/figure>\n\n\n\n<div class=\"wp-block-group has-global-padding is-layout-constrained wp-block-group-is-layout-constrained\">\n<p>Poci\u0105g osobowy 98122 z Olsztyna do E\u0142ku mi\u0119dzy Ster\u0142awkami Wielkimi a Ma\u0142ymi. Foto z cyklu dawnych bezsens\u00f3w &#8211; dzisiaj \u0142apa\u0142bym poci\u0105g na pierwszym \u0142uku S-ki. Nieostro\u015b\u0107 na brzegach sponsoruje za\u015b telekonwerter, foto powsta\u0142o bowiem na ogniskowej 2&#215;135 mm. 19.08.2007<\/p>\n<\/div>\n","protected":false},"excerpt":{"rendered":"<p>Poci\u0105g osobowy 98122 z Olsztyna do E\u0142ku mi\u0119dzy Ster\u0142awkami Wielkimi a Ma\u0142ymi. Foto z cyklu dawnych bezsens\u00f3w &#8211; dzisiaj \u0142apa\u0142bym poci\u0105g na pierwszym \u0142uku S-ki. Nieostro\u015b\u0107 na brzegach sponsoruje za\u015b telekonwerter, foto powsta\u0142o bowiem na ogniskowej 2&#215;135 mm. 19.08.2007<\/p>\n","protected":false},"author":1,"featured_media":7721,"comment_status":"open","ping_status":"","sticky":false,"template":"","format":"standard","meta":{"footnotes":""},"categories":[62,2,96],"tags":[896,63,27,2636,1391,250,322,1238],"class_list":["post-7720","post","type-post","status-publish","format-standard","has-post-thumbnail","hentry","category-analog","category-kolej","category-rok-2007","tag-2007-08-19","tag-pkp","tag-polska","tag-sterlawki-male","tag-sterlawki-wielkie","tag-su42","tag-tab-pl510","tag-zoom"],"_links":{"self":[{"href":"https:\/\/wgphoto.pl\/t\/index.php?rest_route=\/wp\/v2\/posts\/7720","targetHints":{"allow":["GET"]}}],"collection":[{"href":"https:\/\/wgphoto.pl\/t\/index.php?rest_route=\/wp\/v2\/posts"}],"about":[{"href":"https:\/\/wgphoto.pl\/t\/index.php?rest_route=\/wp\/v2\/types\/post"}],"author":[{"embeddable":true,"href":"https:\/\/wgphoto.pl\/t\/index.php?rest_route=\/wp\/v2\/users\/1"}],"replies":[{"embeddable":true,"href":"https:\/\/wgphoto.pl\/t\/index.php?rest_route=%2Fwp%2Fv2%2Fcomments&post=7720"}],"version-history":[{"count":1,"href":"https:\/\/wgphoto.pl\/t\/index.php?rest_route=\/wp\/v2\/posts\/7720\/revisions"}],"predecessor-version":[{"id":7722,"href":"https:\/\/wgphoto.pl\/t\/index.php?rest_route=\/wp\/v2\/posts\/7720\/revisions\/7722"}],"wp:featuredmedia":[{"embeddable":true,"href":"https:\/\/wgphoto.pl\/t\/index.php?rest_route=\/wp\/v2\/media\/7721"}],"wp:attachment":[{"href":"https:\/\/wgphoto.pl\/t\/index.php?rest_route=%2Fwp%2Fv2%2Fmedia&parent=7720"}],"wp:term":[{"taxonomy":"category","embeddable":true,"href":"https:\/\/wgphoto.pl\/t\/index.php?rest_route=%2Fwp%2Fv2%2Fcategories&post=7720"},{"taxonomy":"post_tag","embeddable":true,"href":"https:\/\/wgphoto.pl\/t\/index.php?rest_route=%2Fwp%2Fv2%2Ftags&post=7720"}],"curies":[{"name":"wp","href":"https:\/\/api.w.org\/{rel}","templated":true}]}}