{"id":7735,"date":"2024-12-13T23:31:33","date_gmt":"2024-12-13T22:31:33","guid":{"rendered":"https:\/\/wgphoto.pl\/t\/?p=7735"},"modified":"2024-12-13T23:31:33","modified_gmt":"2024-12-13T22:31:33","slug":"slupoza-2","status":"publish","type":"post","link":"https:\/\/wgphoto.pl\/t\/?p=7735","title":{"rendered":"S\u0142upoza"},"content":{"rendered":"\n<figure class=\"wp-block-image aligncenter size-full\"><img loading=\"lazy\" decoding=\"async\" width=\"1050\" height=\"700\" src=\"https:\/\/wgphoto.pl\/t\/wp-content\/uploads\/2024\/12\/0618-12.jpg\" alt=\"\" class=\"wp-image-7736\" srcset=\"https:\/\/wgphoto.pl\/t\/wp-content\/uploads\/2024\/12\/0618-12.jpg 1050w, https:\/\/wgphoto.pl\/t\/wp-content\/uploads\/2024\/12\/0618-12-300x200.jpg 300w, https:\/\/wgphoto.pl\/t\/wp-content\/uploads\/2024\/12\/0618-12-768x512.jpg 768w\" sizes=\"auto, (max-width: 1050px) 100vw, 1050px\" \/><\/figure>\n\n\n\n<div class=\"wp-block-group has-global-padding is-layout-constrained wp-block-group-is-layout-constrained\">\n<p>SA109-003 jad\u0105c jako poci\u0105g 44132 z Legnicy do Kamie\u0144ca Z\u0105bkowickiego znajduje si\u0119 na szlaku z Z\u0105bkowic do stacji docelowej. Taki rodzaj s\u0142upozy jest akurat elementem po\u017c\u0105danym w kadrze. 05.08.2006<\/p>\n<\/div>\n","protected":false},"excerpt":{"rendered":"<p>SA109-003 jad\u0105c jako poci\u0105g 44132 z Legnicy do Kamie\u0144ca Z\u0105bkowickiego znajduje si\u0119 na szlaku z Z\u0105bkowic do stacji docelowej. Taki rodzaj s\u0142upozy jest akurat elementem po\u017c\u0105danym w kadrze. 05.08.2006<\/p>\n","protected":false},"author":1,"featured_media":7736,"comment_status":"open","ping_status":"","sticky":false,"template":"","format":"standard","meta":{"footnotes":""},"categories":[62,2,130],"tags":[2634,230,2274,173,63,27,1780,1510,319,1442],"class_list":["post-7735","post","type-post","status-publish","format-standard","has-post-thumbnail","hentry","category-analog","category-kolej","category-rok-2006","tag-2006-08-05","tag-infrastruktura","tag-kamieniec-zabkowicki","tag-koncowki","tag-pkp","tag-polska","tag-sa109","tag-skany-z-odrzanskiej","tag-tab-pl235","tag-zabkowice-slaskie"],"_links":{"self":[{"href":"https:\/\/wgphoto.pl\/t\/index.php?rest_route=\/wp\/v2\/posts\/7735","targetHints":{"allow":["GET"]}}],"collection":[{"href":"https:\/\/wgphoto.pl\/t\/index.php?rest_route=\/wp\/v2\/posts"}],"about":[{"href":"https:\/\/wgphoto.pl\/t\/index.php?rest_route=\/wp\/v2\/types\/post"}],"author":[{"embeddable":true,"href":"https:\/\/wgphoto.pl\/t\/index.php?rest_route=\/wp\/v2\/users\/1"}],"replies":[{"embeddable":true,"href":"https:\/\/wgphoto.pl\/t\/index.php?rest_route=%2Fwp%2Fv2%2Fcomments&post=7735"}],"version-history":[{"count":1,"href":"https:\/\/wgphoto.pl\/t\/index.php?rest_route=\/wp\/v2\/posts\/7735\/revisions"}],"predecessor-version":[{"id":7737,"href":"https:\/\/wgphoto.pl\/t\/index.php?rest_route=\/wp\/v2\/posts\/7735\/revisions\/7737"}],"wp:featuredmedia":[{"embeddable":true,"href":"https:\/\/wgphoto.pl\/t\/index.php?rest_route=\/wp\/v2\/media\/7736"}],"wp:attachment":[{"href":"https:\/\/wgphoto.pl\/t\/index.php?rest_route=%2Fwp%2Fv2%2Fmedia&parent=7735"}],"wp:term":[{"taxonomy":"category","embeddable":true,"href":"https:\/\/wgphoto.pl\/t\/index.php?rest_route=%2Fwp%2Fv2%2Fcategories&post=7735"},{"taxonomy":"post_tag","embeddable":true,"href":"https:\/\/wgphoto.pl\/t\/index.php?rest_route=%2Fwp%2Fv2%2Ftags&post=7735"}],"curies":[{"name":"wp","href":"https:\/\/api.w.org\/{rel}","templated":true}]}}