{"id":775,"date":"2024-09-30T20:35:48","date_gmt":"2024-09-30T18:35:48","guid":{"rendered":"https:\/\/wgphoto.pl\/t\/?p=775"},"modified":"2024-09-30T20:35:48","modified_gmt":"2024-09-30T18:35:48","slug":"basel-sbb","status":"publish","type":"post","link":"https:\/\/wgphoto.pl\/t\/?p=775","title":{"rendered":"Basel SBB"},"content":{"rendered":"\n<figure class=\"wp-block-image aligncenter size-full\"><img loading=\"lazy\" decoding=\"async\" width=\"1200\" height=\"795\" src=\"https:\/\/wgphoto.pl\/t\/wp-content\/uploads\/2024\/09\/IMGP7385.jpg\" alt=\"\" class=\"wp-image-776\" srcset=\"https:\/\/wgphoto.pl\/t\/wp-content\/uploads\/2024\/09\/IMGP7385.jpg 1200w, https:\/\/wgphoto.pl\/t\/wp-content\/uploads\/2024\/09\/IMGP7385-300x199.jpg 300w, https:\/\/wgphoto.pl\/t\/wp-content\/uploads\/2024\/09\/IMGP7385-768x509.jpg 768w\" sizes=\"auto, (max-width: 1200px) 100vw, 1200px\" \/><\/figure>\n\n\n\n<div class=\"wp-block-group has-global-padding is-layout-constrained wp-block-group-is-layout-constrained\">\n<p>Bazylea, Centralbahnplatz. Milion tor\u00f3w na dworcu kolejowym, kolejne sze\u015b\u0107 kraw\u0119dzi peronowych przed nim. A najlepsze jest to, \u017ce mo\u017cna sobie tutaj je\u017adzi\u0107 w k\u00f3\u0142ko, skr\u0119caj\u0105c ze skrajnie lewego peronu na skrajnie prawy i na odwr\u00f3t, i to wszystko w\u015br\u00f3d tramwaj\u00f3w pojawiaj\u0105cych si\u0119 co chwila oraz pieszych, kt\u00f3rymi nie steruje \u017cadna sygnalizacja. Witamy w Szwajcarii. 22.03.2018<\/p>\n<\/div>\n","protected":false},"excerpt":{"rendered":"<p>Bazylea, Centralbahnplatz. Milion tor\u00f3w na dworcu kolejowym, kolejne sze\u015b\u0107 kraw\u0119dzi peronowych przed nim. A najlepsze jest to, \u017ce mo\u017cna sobie tutaj je\u017adzi\u0107 w k\u00f3\u0142ko, skr\u0119caj\u0105c ze skrajnie lewego peronu na skrajnie prawy i na odwr\u00f3t, i to wszystko w\u015br\u00f3d tramwaj\u00f3w pojawiaj\u0105cych si\u0119 co chwila oraz pieszych, kt\u00f3rymi nie steruje \u017cadna sygnalizacja. Witamy w Szwajcarii. 22.03.2018<\/p>\n","protected":false},"author":1,"featured_media":776,"comment_status":"open","ping_status":"","sticky":false,"template":"","format":"standard","meta":{"footnotes":""},"categories":[156,3],"tags":[382,34,378,91,379,173,381,380,183,186,90],"class_list":["post-775","post","type-post","status-publish","format-standard","has-post-thumbnail","hentry","category-rok-2018","category-tramwaj","tag-2018-03-22","tag-architektura","tag-bazylea","tag-blue-hour","tag-bvb-basel","tag-koncowki","tag-siemens-combino","tag-spod-dworca","tag-suissetrip-2018","tag-szwajcaria","tag-wieczorem"],"_links":{"self":[{"href":"https:\/\/wgphoto.pl\/t\/index.php?rest_route=\/wp\/v2\/posts\/775","targetHints":{"allow":["GET"]}}],"collection":[{"href":"https:\/\/wgphoto.pl\/t\/index.php?rest_route=\/wp\/v2\/posts"}],"about":[{"href":"https:\/\/wgphoto.pl\/t\/index.php?rest_route=\/wp\/v2\/types\/post"}],"author":[{"embeddable":true,"href":"https:\/\/wgphoto.pl\/t\/index.php?rest_route=\/wp\/v2\/users\/1"}],"replies":[{"embeddable":true,"href":"https:\/\/wgphoto.pl\/t\/index.php?rest_route=%2Fwp%2Fv2%2Fcomments&post=775"}],"version-history":[{"count":1,"href":"https:\/\/wgphoto.pl\/t\/index.php?rest_route=\/wp\/v2\/posts\/775\/revisions"}],"predecessor-version":[{"id":777,"href":"https:\/\/wgphoto.pl\/t\/index.php?rest_route=\/wp\/v2\/posts\/775\/revisions\/777"}],"wp:featuredmedia":[{"embeddable":true,"href":"https:\/\/wgphoto.pl\/t\/index.php?rest_route=\/wp\/v2\/media\/776"}],"wp:attachment":[{"href":"https:\/\/wgphoto.pl\/t\/index.php?rest_route=%2Fwp%2Fv2%2Fmedia&parent=775"}],"wp:term":[{"taxonomy":"category","embeddable":true,"href":"https:\/\/wgphoto.pl\/t\/index.php?rest_route=%2Fwp%2Fv2%2Fcategories&post=775"},{"taxonomy":"post_tag","embeddable":true,"href":"https:\/\/wgphoto.pl\/t\/index.php?rest_route=%2Fwp%2Fv2%2Ftags&post=775"}],"curies":[{"name":"wp","href":"https:\/\/api.w.org\/{rel}","templated":true}]}}