{"id":7757,"date":"2024-12-13T23:40:10","date_gmt":"2024-12-13T22:40:10","guid":{"rendered":"https:\/\/wgphoto.pl\/t\/?p=7757"},"modified":"2024-12-13T23:40:10","modified_gmt":"2024-12-13T22:40:10","slug":"to-tylko-straszak","status":"publish","type":"post","link":"https:\/\/wgphoto.pl\/t\/?p=7757","title":{"rendered":"To tylko straszak"},"content":{"rendered":"\n<figure class=\"wp-block-image aligncenter size-full\"><img loading=\"lazy\" decoding=\"async\" width=\"1200\" height=\"803\" src=\"https:\/\/wgphoto.pl\/t\/wp-content\/uploads\/2024\/12\/IMGP8089.jpg\" alt=\"\" class=\"wp-image-7758\" srcset=\"https:\/\/wgphoto.pl\/t\/wp-content\/uploads\/2024\/12\/IMGP8089.jpg 1200w, https:\/\/wgphoto.pl\/t\/wp-content\/uploads\/2024\/12\/IMGP8089-300x201.jpg 300w, https:\/\/wgphoto.pl\/t\/wp-content\/uploads\/2024\/12\/IMGP8089-768x514.jpg 768w\" sizes=\"auto, (max-width: 1200px) 100vw, 1200px\" \/><\/figure>\n\n\n\n<div class=\"wp-block-group has-global-padding is-layout-constrained wp-block-group-is-layout-constrained\">\n<p>\u00dast\u00ed nad Orlic\u00ed. 163 013-6 i kolorowe kontenery kontrastuj\u0105 z ciemnym niebem, z kt\u00f3rego jednak burzy ani deszczu nie b\u0119dzie. 17.09.2010<\/p>\n<\/div>\n","protected":false},"excerpt":{"rendered":"<p>\u00dast\u00ed nad Orlic\u00ed. 163 013-6 i kolorowe kontenery kontrastuj\u0105 z ciemnym niebem, z kt\u00f3rego jednak burzy ani deszczu nie b\u0119dzie. 17.09.2010<\/p>\n","protected":false},"author":1,"featured_media":7758,"comment_status":"open","ping_status":"","sticky":false,"template":"","format":"standard","meta":{"footnotes":""},"categories":[2,86],"tags":[1401,88,50,49,162,1375,87],"class_list":["post-7757","post","type-post","status-publish","format-standard","has-post-thumbnail","hentry","category-kolej","category-rok-2010","tag-1401","tag-2010-09-17","tag-cd","tag-czechy","tag-niebo","tag-tab-cz010","tag-usti-nad-orlici"],"_links":{"self":[{"href":"https:\/\/wgphoto.pl\/t\/index.php?rest_route=\/wp\/v2\/posts\/7757","targetHints":{"allow":["GET"]}}],"collection":[{"href":"https:\/\/wgphoto.pl\/t\/index.php?rest_route=\/wp\/v2\/posts"}],"about":[{"href":"https:\/\/wgphoto.pl\/t\/index.php?rest_route=\/wp\/v2\/types\/post"}],"author":[{"embeddable":true,"href":"https:\/\/wgphoto.pl\/t\/index.php?rest_route=\/wp\/v2\/users\/1"}],"replies":[{"embeddable":true,"href":"https:\/\/wgphoto.pl\/t\/index.php?rest_route=%2Fwp%2Fv2%2Fcomments&post=7757"}],"version-history":[{"count":1,"href":"https:\/\/wgphoto.pl\/t\/index.php?rest_route=\/wp\/v2\/posts\/7757\/revisions"}],"predecessor-version":[{"id":7759,"href":"https:\/\/wgphoto.pl\/t\/index.php?rest_route=\/wp\/v2\/posts\/7757\/revisions\/7759"}],"wp:featuredmedia":[{"embeddable":true,"href":"https:\/\/wgphoto.pl\/t\/index.php?rest_route=\/wp\/v2\/media\/7758"}],"wp:attachment":[{"href":"https:\/\/wgphoto.pl\/t\/index.php?rest_route=%2Fwp%2Fv2%2Fmedia&parent=7757"}],"wp:term":[{"taxonomy":"category","embeddable":true,"href":"https:\/\/wgphoto.pl\/t\/index.php?rest_route=%2Fwp%2Fv2%2Fcategories&post=7757"},{"taxonomy":"post_tag","embeddable":true,"href":"https:\/\/wgphoto.pl\/t\/index.php?rest_route=%2Fwp%2Fv2%2Ftags&post=7757"}],"curies":[{"name":"wp","href":"https:\/\/api.w.org\/{rel}","templated":true}]}}