{"id":7770,"date":"2024-12-13T23:47:42","date_gmt":"2024-12-13T22:47:42","guid":{"rendered":"https:\/\/wgphoto.pl\/t\/?p=7770"},"modified":"2024-12-13T23:47:42","modified_gmt":"2024-12-13T22:47:42","slug":"standardy-utrzymania","status":"publish","type":"post","link":"https:\/\/wgphoto.pl\/t\/?p=7770","title":{"rendered":"Standardy utrzymania"},"content":{"rendered":"\n<figure class=\"wp-block-image aligncenter size-full\"><img loading=\"lazy\" decoding=\"async\" width=\"1200\" height=\"803\" src=\"https:\/\/wgphoto.pl\/t\/wp-content\/uploads\/2024\/12\/IMGP5962.jpg\" alt=\"\" class=\"wp-image-7771\" srcset=\"https:\/\/wgphoto.pl\/t\/wp-content\/uploads\/2024\/12\/IMGP5962.jpg 1200w, https:\/\/wgphoto.pl\/t\/wp-content\/uploads\/2024\/12\/IMGP5962-300x201.jpg 300w, https:\/\/wgphoto.pl\/t\/wp-content\/uploads\/2024\/12\/IMGP5962-768x514.jpg 768w\" sizes=\"auto, (max-width: 1200px) 100vw, 1200px\" \/><\/figure>\n\n\n\n<div class=\"wp-block-group has-global-padding is-layout-constrained wp-block-group-is-layout-constrained\">\n<p>Bezimienny rychlik 830 z Bohum\u00edna do Brna w standardowym dla tej relacji zestawieniu (chodzi w szczeg\u00f3lno\u015bci o dwa wagony w \u015brodku sk\u0142adu) zaraz zatrzyma si\u0119 w Hranic\u00edch na Morav\u011b. Nie wiem dlaczego tylko jeden z tor\u00f3w dodatkowych nie doczeka\u0142 si\u0119 remontu, ale to pozwoli\u0142o interesuj\u0105co uzupe\u0142ni\u0107 kadr. 16.08.2010<\/p>\n<\/div>\n","protected":false},"excerpt":{"rendered":"<p>Bezimienny rychlik 830 z Bohum\u00edna do Brna w standardowym dla tej relacji zestawieniu (chodzi w szczeg\u00f3lno\u015bci o dwa wagony w \u015brodku sk\u0142adu) zaraz zatrzyma si\u0119 w Hranic\u00edch na Morav\u011b. Nie wiem dlaczego tylko jeden z tor\u00f3w dodatkowych nie doczeka\u0142 si\u0119 remontu, ale to pozwoli\u0142o interesuj\u0105co uzupe\u0142ni\u0107 kadr. 16.08.2010<\/p>\n","protected":false},"author":1,"featured_media":7771,"comment_status":"open","ping_status":"","sticky":false,"template":"","format":"standard","meta":{"footnotes":""},"categories":[2,86],"tags":[2639,51,50,49,2638,118,176,981],"class_list":["post-7770","post","type-post","status-publish","format-standard","has-post-thumbnail","hentry","category-kolej","category-rok-2010","tag-2010-08-16","tag-51","tag-cd","tag-czechy","tag-hranice-na-morave","tag-plany-i-profile","tag-rano","tag-tab-cz270"],"_links":{"self":[{"href":"https:\/\/wgphoto.pl\/t\/index.php?rest_route=\/wp\/v2\/posts\/7770","targetHints":{"allow":["GET"]}}],"collection":[{"href":"https:\/\/wgphoto.pl\/t\/index.php?rest_route=\/wp\/v2\/posts"}],"about":[{"href":"https:\/\/wgphoto.pl\/t\/index.php?rest_route=\/wp\/v2\/types\/post"}],"author":[{"embeddable":true,"href":"https:\/\/wgphoto.pl\/t\/index.php?rest_route=\/wp\/v2\/users\/1"}],"replies":[{"embeddable":true,"href":"https:\/\/wgphoto.pl\/t\/index.php?rest_route=%2Fwp%2Fv2%2Fcomments&post=7770"}],"version-history":[{"count":1,"href":"https:\/\/wgphoto.pl\/t\/index.php?rest_route=\/wp\/v2\/posts\/7770\/revisions"}],"predecessor-version":[{"id":7772,"href":"https:\/\/wgphoto.pl\/t\/index.php?rest_route=\/wp\/v2\/posts\/7770\/revisions\/7772"}],"wp:featuredmedia":[{"embeddable":true,"href":"https:\/\/wgphoto.pl\/t\/index.php?rest_route=\/wp\/v2\/media\/7771"}],"wp:attachment":[{"href":"https:\/\/wgphoto.pl\/t\/index.php?rest_route=%2Fwp%2Fv2%2Fmedia&parent=7770"}],"wp:term":[{"taxonomy":"category","embeddable":true,"href":"https:\/\/wgphoto.pl\/t\/index.php?rest_route=%2Fwp%2Fv2%2Fcategories&post=7770"},{"taxonomy":"post_tag","embeddable":true,"href":"https:\/\/wgphoto.pl\/t\/index.php?rest_route=%2Fwp%2Fv2%2Ftags&post=7770"}],"curies":[{"name":"wp","href":"https:\/\/api.w.org\/{rel}","templated":true}]}}