{"id":7776,"date":"2024-12-13T23:51:11","date_gmt":"2024-12-13T22:51:11","guid":{"rendered":"https:\/\/wgphoto.pl\/t\/?p=7776"},"modified":"2024-12-13T23:51:11","modified_gmt":"2024-12-13T22:51:11","slug":"28-minut-przerwy","status":"publish","type":"post","link":"https:\/\/wgphoto.pl\/t\/?p=7776","title":{"rendered":"28 minut przerwy"},"content":{"rendered":"\n<figure class=\"wp-block-image aligncenter size-full\"><img loading=\"lazy\" decoding=\"async\" width=\"1200\" height=\"800\" src=\"https:\/\/wgphoto.pl\/t\/wp-content\/uploads\/2024\/12\/IMGP9641.jpg\" alt=\"\" class=\"wp-image-7777\" srcset=\"https:\/\/wgphoto.pl\/t\/wp-content\/uploads\/2024\/12\/IMGP9641.jpg 1200w, https:\/\/wgphoto.pl\/t\/wp-content\/uploads\/2024\/12\/IMGP9641-300x200.jpg 300w, https:\/\/wgphoto.pl\/t\/wp-content\/uploads\/2024\/12\/IMGP9641-768x512.jpg 768w\" sizes=\"auto, (max-width: 1200px) 100vw, 1200px\" \/><\/figure>\n\n\n\n<div class=\"wp-block-group has-global-padding is-layout-constrained wp-block-group-is-layout-constrained\">\n<p>Zestaw 105NWr 2556+2437 odpoczywa na p\u0119tli Le\u015bnica, na kt\u00f3rej trwa budowa nowych peron\u00f3w przyjazdowych, dlatego te\u017c widoczny przystanek jest nieczynny. Pasa\u017cerowie opuszczaj\u0105 tramwaje przed p\u0119tl\u0105. 2018-06-09<\/p>\n<\/div>\n","protected":false},"excerpt":{"rendered":"<p>Zestaw 105NWr 2556+2437 odpoczywa na p\u0119tli Le\u015bnica, na kt\u00f3rej trwa budowa nowych peron\u00f3w przyjazdowych, dlatego te\u017c widoczny przystanek jest nieczynny. Pasa\u017cerowie opuszczaj\u0105 tramwaje przed p\u0119tl\u0105. 2018-06-09<\/p>\n","protected":false},"author":1,"featured_media":7777,"comment_status":"open","ping_status":"","sticky":false,"template":"","format":"standard","meta":{"footnotes":""},"categories":[156,3],"tags":[43,2640,91,745,42,27,439,90,41],"class_list":["post-7776","post","type-post","status-publish","format-standard","has-post-thumbnail","hentry","category-rok-2018","category-tramwaj","tag-105nwr","tag-2018-06-09","tag-blue-hour","tag-budowa","tag-mpk-wroclaw","tag-polska","tag-we-fabryce","tag-wieczorem","tag-wroclaw"],"_links":{"self":[{"href":"https:\/\/wgphoto.pl\/t\/index.php?rest_route=\/wp\/v2\/posts\/7776","targetHints":{"allow":["GET"]}}],"collection":[{"href":"https:\/\/wgphoto.pl\/t\/index.php?rest_route=\/wp\/v2\/posts"}],"about":[{"href":"https:\/\/wgphoto.pl\/t\/index.php?rest_route=\/wp\/v2\/types\/post"}],"author":[{"embeddable":true,"href":"https:\/\/wgphoto.pl\/t\/index.php?rest_route=\/wp\/v2\/users\/1"}],"replies":[{"embeddable":true,"href":"https:\/\/wgphoto.pl\/t\/index.php?rest_route=%2Fwp%2Fv2%2Fcomments&post=7776"}],"version-history":[{"count":1,"href":"https:\/\/wgphoto.pl\/t\/index.php?rest_route=\/wp\/v2\/posts\/7776\/revisions"}],"predecessor-version":[{"id":7778,"href":"https:\/\/wgphoto.pl\/t\/index.php?rest_route=\/wp\/v2\/posts\/7776\/revisions\/7778"}],"wp:featuredmedia":[{"embeddable":true,"href":"https:\/\/wgphoto.pl\/t\/index.php?rest_route=\/wp\/v2\/media\/7777"}],"wp:attachment":[{"href":"https:\/\/wgphoto.pl\/t\/index.php?rest_route=%2Fwp%2Fv2%2Fmedia&parent=7776"}],"wp:term":[{"taxonomy":"category","embeddable":true,"href":"https:\/\/wgphoto.pl\/t\/index.php?rest_route=%2Fwp%2Fv2%2Fcategories&post=7776"},{"taxonomy":"post_tag","embeddable":true,"href":"https:\/\/wgphoto.pl\/t\/index.php?rest_route=%2Fwp%2Fv2%2Ftags&post=7776"}],"curies":[{"name":"wp","href":"https:\/\/api.w.org\/{rel}","templated":true}]}}