{"id":7782,"date":"2024-12-13T23:54:44","date_gmt":"2024-12-13T22:54:44","guid":{"rendered":"https:\/\/wgphoto.pl\/t\/?p=7782"},"modified":"2024-12-13T23:54:44","modified_gmt":"2024-12-13T22:54:44","slug":"jesien-nad-iskar","status":"publish","type":"post","link":"https:\/\/wgphoto.pl\/t\/?p=7782","title":{"rendered":"Jesie\u0144 nad Iskar"},"content":{"rendered":"\n<figure class=\"wp-block-image aligncenter size-full\"><img loading=\"lazy\" decoding=\"async\" width=\"1200\" height=\"795\" src=\"https:\/\/wgphoto.pl\/t\/wp-content\/uploads\/2024\/12\/IMGP5511.jpg\" alt=\"\" class=\"wp-image-7783\" srcset=\"https:\/\/wgphoto.pl\/t\/wp-content\/uploads\/2024\/12\/IMGP5511.jpg 1200w, https:\/\/wgphoto.pl\/t\/wp-content\/uploads\/2024\/12\/IMGP5511-300x199.jpg 300w, https:\/\/wgphoto.pl\/t\/wp-content\/uploads\/2024\/12\/IMGP5511-768x509.jpg 768w\" sizes=\"auto, (max-width: 1200px) 100vw, 1200px\" \/><\/figure>\n\n\n\n<div class=\"wp-block-group has-global-padding is-layout-constrained wp-block-group-is-layout-constrained\">\n<p>Nieznany bli\u017cej poci\u0105g (znacie jaki\u015b mi\u0119dzynarodowy rozk\u0142ad, kt\u00f3ry umie si\u0119 cofn\u0105\u0107 w czasie?) przemierza dolin\u0119 rzeki Iskar min\u0105wszy widoczne w tle Cerowo. 2017-11-10<\/p>\n<\/div>\n","protected":false},"excerpt":{"rendered":"<p>Nieznany bli\u017cej poci\u0105g (znacie jaki\u015b mi\u0119dzynarodowy rozk\u0142ad, kt\u00f3ry umie si\u0119 cofn\u0105\u0107 w czasie?) przemierza dolin\u0119 rzeki Iskar min\u0105wszy widoczne w tle Cerowo. 2017-11-10<\/p>\n","protected":false},"author":1,"featured_media":7783,"comment_status":"open","ping_status":"","sticky":false,"template":"","format":"standard","meta":{"footnotes":""},"categories":[2,368],"tags":[1341,1340,838,114,126,73,1339,839],"class_list":["post-7782","post","type-post","status-publish","format-standard","has-post-thumbnail","hentry","category-kolej","category-rok-2017","tag-2017-11-10","tag-bdz","tag-bulgaria","tag-gory","tag-jesien","tag-rzeka","tag-tserovo","tag-wakacje-2017"],"_links":{"self":[{"href":"https:\/\/wgphoto.pl\/t\/index.php?rest_route=\/wp\/v2\/posts\/7782","targetHints":{"allow":["GET"]}}],"collection":[{"href":"https:\/\/wgphoto.pl\/t\/index.php?rest_route=\/wp\/v2\/posts"}],"about":[{"href":"https:\/\/wgphoto.pl\/t\/index.php?rest_route=\/wp\/v2\/types\/post"}],"author":[{"embeddable":true,"href":"https:\/\/wgphoto.pl\/t\/index.php?rest_route=\/wp\/v2\/users\/1"}],"replies":[{"embeddable":true,"href":"https:\/\/wgphoto.pl\/t\/index.php?rest_route=%2Fwp%2Fv2%2Fcomments&post=7782"}],"version-history":[{"count":1,"href":"https:\/\/wgphoto.pl\/t\/index.php?rest_route=\/wp\/v2\/posts\/7782\/revisions"}],"predecessor-version":[{"id":7784,"href":"https:\/\/wgphoto.pl\/t\/index.php?rest_route=\/wp\/v2\/posts\/7782\/revisions\/7784"}],"wp:featuredmedia":[{"embeddable":true,"href":"https:\/\/wgphoto.pl\/t\/index.php?rest_route=\/wp\/v2\/media\/7783"}],"wp:attachment":[{"href":"https:\/\/wgphoto.pl\/t\/index.php?rest_route=%2Fwp%2Fv2%2Fmedia&parent=7782"}],"wp:term":[{"taxonomy":"category","embeddable":true,"href":"https:\/\/wgphoto.pl\/t\/index.php?rest_route=%2Fwp%2Fv2%2Fcategories&post=7782"},{"taxonomy":"post_tag","embeddable":true,"href":"https:\/\/wgphoto.pl\/t\/index.php?rest_route=%2Fwp%2Fv2%2Ftags&post=7782"}],"curies":[{"name":"wp","href":"https:\/\/api.w.org\/{rel}","templated":true}]}}