{"id":7788,"date":"2024-12-14T15:48:06","date_gmt":"2024-12-14T14:48:06","guid":{"rendered":"https:\/\/wgphoto.pl\/t\/?p=7788"},"modified":"2024-12-14T15:48:06","modified_gmt":"2024-12-14T14:48:06","slug":"pierwsze-foto-z-bydgoszczy","status":"publish","type":"post","link":"https:\/\/wgphoto.pl\/t\/?p=7788","title":{"rendered":"Pierwsze foto z Bydgoszczy"},"content":{"rendered":"\n<figure class=\"wp-block-image aligncenter size-full\"><img loading=\"lazy\" decoding=\"async\" width=\"1200\" height=\"800\" src=\"https:\/\/wgphoto.pl\/t\/wp-content\/uploads\/2024\/12\/0816-05a.jpg\" alt=\"\" class=\"wp-image-7789\" srcset=\"https:\/\/wgphoto.pl\/t\/wp-content\/uploads\/2024\/12\/0816-05a.jpg 1200w, https:\/\/wgphoto.pl\/t\/wp-content\/uploads\/2024\/12\/0816-05a-300x200.jpg 300w, https:\/\/wgphoto.pl\/t\/wp-content\/uploads\/2024\/12\/0816-05a-768x512.jpg 768w\" sizes=\"auto, (max-width: 1200px) 100vw, 1200px\" \/><\/figure>\n\n\n\n<div class=\"wp-block-group has-global-padding is-layout-constrained wp-block-group-is-layout-constrained\">\n<p>Bydgoszcz, p\u0119tla Bielawy. Kamienica ju\u017c \u0142apie pierwsze promienie jesiennego s\u0142o\u0144ca, a sk\u0142ad 229+252 jeszcze tego zaszczytu nie dost\u0105pi\u0142. 2008-09-25<\/p>\n<\/div>\n","protected":false},"excerpt":{"rendered":"<p>Bydgoszcz, p\u0119tla Bielawy. Kamienica ju\u017c \u0142apie pierwsze promienie jesiennego s\u0142o\u0144ca, a sk\u0142ad 229+252 jeszcze tego zaszczytu nie dost\u0105pi\u0142. 2008-09-25<\/p>\n","protected":false},"author":1,"featured_media":7789,"comment_status":"open","ping_status":"","sticky":false,"template":"","format":"standard","meta":{"footnotes":""},"categories":[62,120,3],"tags":[2620,2622,2621,2623,27,176],"class_list":["post-7788","post","type-post","status-publish","format-standard","has-post-thumbnail","hentry","category-analog","category-rok-2008","category-tramwaj","tag-2008-09-25","tag-805na","tag-bydgoszcz","tag-mzk-bydgoszcz","tag-polska","tag-rano"],"_links":{"self":[{"href":"https:\/\/wgphoto.pl\/t\/index.php?rest_route=\/wp\/v2\/posts\/7788","targetHints":{"allow":["GET"]}}],"collection":[{"href":"https:\/\/wgphoto.pl\/t\/index.php?rest_route=\/wp\/v2\/posts"}],"about":[{"href":"https:\/\/wgphoto.pl\/t\/index.php?rest_route=\/wp\/v2\/types\/post"}],"author":[{"embeddable":true,"href":"https:\/\/wgphoto.pl\/t\/index.php?rest_route=\/wp\/v2\/users\/1"}],"replies":[{"embeddable":true,"href":"https:\/\/wgphoto.pl\/t\/index.php?rest_route=%2Fwp%2Fv2%2Fcomments&post=7788"}],"version-history":[{"count":1,"href":"https:\/\/wgphoto.pl\/t\/index.php?rest_route=\/wp\/v2\/posts\/7788\/revisions"}],"predecessor-version":[{"id":7790,"href":"https:\/\/wgphoto.pl\/t\/index.php?rest_route=\/wp\/v2\/posts\/7788\/revisions\/7790"}],"wp:featuredmedia":[{"embeddable":true,"href":"https:\/\/wgphoto.pl\/t\/index.php?rest_route=\/wp\/v2\/media\/7789"}],"wp:attachment":[{"href":"https:\/\/wgphoto.pl\/t\/index.php?rest_route=%2Fwp%2Fv2%2Fmedia&parent=7788"}],"wp:term":[{"taxonomy":"category","embeddable":true,"href":"https:\/\/wgphoto.pl\/t\/index.php?rest_route=%2Fwp%2Fv2%2Fcategories&post=7788"},{"taxonomy":"post_tag","embeddable":true,"href":"https:\/\/wgphoto.pl\/t\/index.php?rest_route=%2Fwp%2Fv2%2Ftags&post=7788"}],"curies":[{"name":"wp","href":"https:\/\/api.w.org\/{rel}","templated":true}]}}