{"id":7797,"date":"2024-12-14T15:51:10","date_gmt":"2024-12-14T14:51:10","guid":{"rendered":"https:\/\/wgphoto.pl\/t\/?p=7797"},"modified":"2024-12-14T15:51:10","modified_gmt":"2024-12-14T14:51:10","slug":"lustro-w-tunelu","status":"publish","type":"post","link":"https:\/\/wgphoto.pl\/t\/?p=7797","title":{"rendered":"Lustro w tunelu"},"content":{"rendered":"\n<figure class=\"wp-block-image aligncenter size-full\"><img loading=\"lazy\" decoding=\"async\" width=\"1200\" height=\"795\" src=\"https:\/\/wgphoto.pl\/t\/wp-content\/uploads\/2024\/12\/IMGP5576.jpg\" alt=\"\" class=\"wp-image-7798\" srcset=\"https:\/\/wgphoto.pl\/t\/wp-content\/uploads\/2024\/12\/IMGP5576.jpg 1200w, https:\/\/wgphoto.pl\/t\/wp-content\/uploads\/2024\/12\/IMGP5576-300x199.jpg 300w, https:\/\/wgphoto.pl\/t\/wp-content\/uploads\/2024\/12\/IMGP5576-768x509.jpg 768w\" sizes=\"auto, (max-width: 1200px) 100vw, 1200px\" \/><\/figure>\n\n\n\n<div class=\"wp-block-group has-global-padding is-layout-constrained wp-block-group-is-layout-constrained\">\n<p>Poci\u0105g A39, prowadzony wagonem nr 2038, jad\u0105c w kierunku Witoszy (jako linia M2) zatrzymuje si\u0119 na stacji Nade\u017cda. Lustrzany wystr\u00f3j wn\u0119trza tworzy tu ciekawe warunki do zdj\u0119\u0107. 2017-11-10<\/p>\n<\/div>\n","protected":false},"excerpt":{"rendered":"<p>Poci\u0105g A39, prowadzony wagonem nr 2038, jad\u0105c w kierunku Witoszy (jako linia M2) zatrzymuje si\u0119 na stacji Nade\u017cda. Lustrzany wystr\u00f3j wn\u0119trza tworzy tu ciekawe warunki do zdj\u0119\u0107. 2017-11-10<\/p>\n","protected":false},"author":1,"featured_media":7798,"comment_status":"open","ping_status":"","sticky":false,"template":"","format":"standard","meta":{"footnotes":""},"categories":[4,368],"tags":[1341,838,395,2490,842,2393,15,839],"class_list":["post-7797","post","type-post","status-publish","format-standard","has-post-thumbnail","hentry","category-metro","category-rok-2017","tag-2017-11-10","tag-bulgaria","tag-lustro","tag-metropoliten-sofia","tag-sofia","tag-stacje-sofijskiego-metra","tag-tunel","tag-wakacje-2017"],"_links":{"self":[{"href":"https:\/\/wgphoto.pl\/t\/index.php?rest_route=\/wp\/v2\/posts\/7797","targetHints":{"allow":["GET"]}}],"collection":[{"href":"https:\/\/wgphoto.pl\/t\/index.php?rest_route=\/wp\/v2\/posts"}],"about":[{"href":"https:\/\/wgphoto.pl\/t\/index.php?rest_route=\/wp\/v2\/types\/post"}],"author":[{"embeddable":true,"href":"https:\/\/wgphoto.pl\/t\/index.php?rest_route=\/wp\/v2\/users\/1"}],"replies":[{"embeddable":true,"href":"https:\/\/wgphoto.pl\/t\/index.php?rest_route=%2Fwp%2Fv2%2Fcomments&post=7797"}],"version-history":[{"count":1,"href":"https:\/\/wgphoto.pl\/t\/index.php?rest_route=\/wp\/v2\/posts\/7797\/revisions"}],"predecessor-version":[{"id":7799,"href":"https:\/\/wgphoto.pl\/t\/index.php?rest_route=\/wp\/v2\/posts\/7797\/revisions\/7799"}],"wp:featuredmedia":[{"embeddable":true,"href":"https:\/\/wgphoto.pl\/t\/index.php?rest_route=\/wp\/v2\/media\/7798"}],"wp:attachment":[{"href":"https:\/\/wgphoto.pl\/t\/index.php?rest_route=%2Fwp%2Fv2%2Fmedia&parent=7797"}],"wp:term":[{"taxonomy":"category","embeddable":true,"href":"https:\/\/wgphoto.pl\/t\/index.php?rest_route=%2Fwp%2Fv2%2Fcategories&post=7797"},{"taxonomy":"post_tag","embeddable":true,"href":"https:\/\/wgphoto.pl\/t\/index.php?rest_route=%2Fwp%2Fv2%2Ftags&post=7797"}],"curies":[{"name":"wp","href":"https:\/\/api.w.org\/{rel}","templated":true}]}}