{"id":7806,"date":"2024-12-14T15:54:41","date_gmt":"2024-12-14T14:54:41","guid":{"rendered":"https:\/\/wgphoto.pl\/t\/?p=7806"},"modified":"2024-12-14T15:54:41","modified_gmt":"2024-12-14T14:54:41","slug":"132-dni","status":"publish","type":"post","link":"https:\/\/wgphoto.pl\/t\/?p=7806","title":{"rendered":"132 dni"},"content":{"rendered":"\n<figure class=\"wp-block-image aligncenter size-full\"><img loading=\"lazy\" decoding=\"async\" width=\"1200\" height=\"795\" src=\"https:\/\/wgphoto.pl\/t\/wp-content\/uploads\/2024\/12\/IMGP9631.jpg\" alt=\"\" class=\"wp-image-7807\" srcset=\"https:\/\/wgphoto.pl\/t\/wp-content\/uploads\/2024\/12\/IMGP9631.jpg 1200w, https:\/\/wgphoto.pl\/t\/wp-content\/uploads\/2024\/12\/IMGP9631-300x199.jpg 300w, https:\/\/wgphoto.pl\/t\/wp-content\/uploads\/2024\/12\/IMGP9631-768x509.jpg 768w\" sizes=\"auto, (max-width: 1200px) 100vw, 1200px\" \/><\/figure>\n\n\n\n<div class=\"wp-block-group has-global-padding is-layout-constrained wp-block-group-is-layout-constrained\">\n<p>Wroc\u0142aw, Tarnogaj. Przez ponad 5 miesi\u0119cy uda\u0142o mi si\u0119 przetrwa\u0107 bez dotykania peda\u0142\u00f3w jazdy i hamowania, wyje\u017cd\u017caj\u0105c jednocze\u015bnie wiele kilometr\u00f3w tramwajami wyposa\u017conymi w r\u0119czne zadajniki jazdy &#8211; a\u017c do tego dnia. 2018-06-03<\/p>\n<\/div>\n","protected":false},"excerpt":{"rendered":"<p>Wroc\u0142aw, Tarnogaj. Przez ponad 5 miesi\u0119cy uda\u0142o mi si\u0119 przetrwa\u0107 bez dotykania peda\u0142\u00f3w jazdy i hamowania, wyje\u017cd\u017caj\u0105c jednocze\u015bnie wiele kilometr\u00f3w tramwajami wyposa\u017conymi w r\u0119czne zadajniki jazdy &#8211; a\u017c do tego dnia. 2018-06-03<\/p>\n","protected":false},"author":1,"featured_media":7807,"comment_status":"open","ping_status":"","sticky":false,"template":"","format":"standard","meta":{"footnotes":""},"categories":[156,3],"tags":[43,2645,91,42,27,438,439,90,41],"class_list":["post-7806","post","type-post","status-publish","format-standard","has-post-thumbnail","hentry","category-rok-2018","category-tramwaj","tag-105nwr","tag-2018-06-03","tag-blue-hour","tag-mpk-wroclaw","tag-polska","tag-portret-z-petli","tag-we-fabryce","tag-wieczorem","tag-wroclaw"],"_links":{"self":[{"href":"https:\/\/wgphoto.pl\/t\/index.php?rest_route=\/wp\/v2\/posts\/7806","targetHints":{"allow":["GET"]}}],"collection":[{"href":"https:\/\/wgphoto.pl\/t\/index.php?rest_route=\/wp\/v2\/posts"}],"about":[{"href":"https:\/\/wgphoto.pl\/t\/index.php?rest_route=\/wp\/v2\/types\/post"}],"author":[{"embeddable":true,"href":"https:\/\/wgphoto.pl\/t\/index.php?rest_route=\/wp\/v2\/users\/1"}],"replies":[{"embeddable":true,"href":"https:\/\/wgphoto.pl\/t\/index.php?rest_route=%2Fwp%2Fv2%2Fcomments&post=7806"}],"version-history":[{"count":1,"href":"https:\/\/wgphoto.pl\/t\/index.php?rest_route=\/wp\/v2\/posts\/7806\/revisions"}],"predecessor-version":[{"id":7808,"href":"https:\/\/wgphoto.pl\/t\/index.php?rest_route=\/wp\/v2\/posts\/7806\/revisions\/7808"}],"wp:featuredmedia":[{"embeddable":true,"href":"https:\/\/wgphoto.pl\/t\/index.php?rest_route=\/wp\/v2\/media\/7807"}],"wp:attachment":[{"href":"https:\/\/wgphoto.pl\/t\/index.php?rest_route=%2Fwp%2Fv2%2Fmedia&parent=7806"}],"wp:term":[{"taxonomy":"category","embeddable":true,"href":"https:\/\/wgphoto.pl\/t\/index.php?rest_route=%2Fwp%2Fv2%2Fcategories&post=7806"},{"taxonomy":"post_tag","embeddable":true,"href":"https:\/\/wgphoto.pl\/t\/index.php?rest_route=%2Fwp%2Fv2%2Ftags&post=7806"}],"curies":[{"name":"wp","href":"https:\/\/api.w.org\/{rel}","templated":true}]}}