{"id":781,"date":"2024-09-30T20:59:10","date_gmt":"2024-09-30T18:59:10","guid":{"rendered":"https:\/\/wgphoto.pl\/t\/?p=781"},"modified":"2024-09-30T20:59:10","modified_gmt":"2024-09-30T18:59:10","slug":"za-duzo","status":"publish","type":"post","link":"https:\/\/wgphoto.pl\/t\/?p=781","title":{"rendered":"Za du\u017co"},"content":{"rendered":"\n<figure class=\"wp-block-image aligncenter size-full\"><img loading=\"lazy\" decoding=\"async\" width=\"1200\" height=\"803\" src=\"https:\/\/wgphoto.pl\/t\/wp-content\/uploads\/2024\/09\/IMGP3107.jpg\" alt=\"\" class=\"wp-image-782\" srcset=\"https:\/\/wgphoto.pl\/t\/wp-content\/uploads\/2024\/09\/IMGP3107.jpg 1200w, https:\/\/wgphoto.pl\/t\/wp-content\/uploads\/2024\/09\/IMGP3107-300x201.jpg 300w, https:\/\/wgphoto.pl\/t\/wp-content\/uploads\/2024\/09\/IMGP3107-768x514.jpg 768w\" sizes=\"auto, (max-width: 1200px) 100vw, 1200px\" \/><\/figure>\n\n\n\n<div class=\"wp-block-group has-global-padding is-layout-constrained wp-block-group-is-layout-constrained\">\n<p>Krzy\u017cowaniu w Domaszkowie towarzyszy\u0142 zupe\u0142ny ba\u0142agan. Du\u017co element\u00f3w w kadrze, du\u017co kontrast\u00f3w, wzmaganych \u0142atami topniej\u0105cego \u015bniegu, cienie na czole ET22-449, pomazany EN57-961 &#8211; za du\u017co tego jak dla mnie. \ud83d\ude09 21.03.2009<\/p>\n<\/div>\n","protected":false},"excerpt":{"rendered":"<p>Krzy\u017cowaniu w Domaszkowie towarzyszy\u0142 zupe\u0142ny ba\u0142agan. Du\u017co element\u00f3w w kadrze, du\u017co kontrast\u00f3w, wzmaganych \u0142atami topniej\u0105cego \u015bniegu, cienie na czole ET22-449, pomazany EN57-961 &#8211; za du\u017co tego jak dla mnie. \ud83d\ude09 21.03.2009<\/p>\n","protected":false},"author":1,"featured_media":782,"comment_status":"open","ping_status":"","sticky":false,"template":"","format":"standard","meta":{"footnotes":""},"categories":[2,169],"tags":[387,388,132,26,173,389,63,27,44,383],"class_list":["post-781","post","type-post","status-publish","format-standard","has-post-thumbnail","hentry","category-kolej","category-rok-2009","tag-2009-03-21","tag-domaszkow","tag-en57","tag-et22","tag-koncowki","tag-mijanka","tag-pkp","tag-polska","tag-snieg","tag-tab-pl230"],"_links":{"self":[{"href":"https:\/\/wgphoto.pl\/t\/index.php?rest_route=\/wp\/v2\/posts\/781","targetHints":{"allow":["GET"]}}],"collection":[{"href":"https:\/\/wgphoto.pl\/t\/index.php?rest_route=\/wp\/v2\/posts"}],"about":[{"href":"https:\/\/wgphoto.pl\/t\/index.php?rest_route=\/wp\/v2\/types\/post"}],"author":[{"embeddable":true,"href":"https:\/\/wgphoto.pl\/t\/index.php?rest_route=\/wp\/v2\/users\/1"}],"replies":[{"embeddable":true,"href":"https:\/\/wgphoto.pl\/t\/index.php?rest_route=%2Fwp%2Fv2%2Fcomments&post=781"}],"version-history":[{"count":1,"href":"https:\/\/wgphoto.pl\/t\/index.php?rest_route=\/wp\/v2\/posts\/781\/revisions"}],"predecessor-version":[{"id":783,"href":"https:\/\/wgphoto.pl\/t\/index.php?rest_route=\/wp\/v2\/posts\/781\/revisions\/783"}],"wp:featuredmedia":[{"embeddable":true,"href":"https:\/\/wgphoto.pl\/t\/index.php?rest_route=\/wp\/v2\/media\/782"}],"wp:attachment":[{"href":"https:\/\/wgphoto.pl\/t\/index.php?rest_route=%2Fwp%2Fv2%2Fmedia&parent=781"}],"wp:term":[{"taxonomy":"category","embeddable":true,"href":"https:\/\/wgphoto.pl\/t\/index.php?rest_route=%2Fwp%2Fv2%2Fcategories&post=781"},{"taxonomy":"post_tag","embeddable":true,"href":"https:\/\/wgphoto.pl\/t\/index.php?rest_route=%2Fwp%2Fv2%2Ftags&post=781"}],"curies":[{"name":"wp","href":"https:\/\/api.w.org\/{rel}","templated":true}]}}