{"id":7812,"date":"2024-12-14T15:57:08","date_gmt":"2024-12-14T14:57:08","guid":{"rendered":"https:\/\/wgphoto.pl\/t\/?p=7812"},"modified":"2024-12-14T15:57:08","modified_gmt":"2024-12-14T14:57:08","slug":"chmury-i-brak-szczescia","status":"publish","type":"post","link":"https:\/\/wgphoto.pl\/t\/?p=7812","title":{"rendered":"Chmury i brak szcz\u0119\u015bcia"},"content":{"rendered":"\n<figure class=\"wp-block-image aligncenter size-full\"><img loading=\"lazy\" decoding=\"async\" width=\"1200\" height=\"800\" src=\"https:\/\/wgphoto.pl\/t\/wp-content\/uploads\/2024\/12\/IMGP6994.jpg\" alt=\"\" class=\"wp-image-7813\" srcset=\"https:\/\/wgphoto.pl\/t\/wp-content\/uploads\/2024\/12\/IMGP6994.jpg 1200w, https:\/\/wgphoto.pl\/t\/wp-content\/uploads\/2024\/12\/IMGP6994-300x200.jpg 300w, https:\/\/wgphoto.pl\/t\/wp-content\/uploads\/2024\/12\/IMGP6994-768x512.jpg 768w\" sizes=\"auto, (max-width: 1200px) 100vw, 1200px\" \/><\/figure>\n\n\n\n<div class=\"wp-block-group has-global-padding is-layout-constrained wp-block-group-is-layout-constrained\">\n<p>Kreith. Chmury wisz\u0105ce nad okolic\u0105, niewiele wy\u017cej ni\u017c miejsce wykonania zdj\u0119cia, mo\u017ce i wygl\u0105daj\u0105 atrakcyjnie, ale by\u0142em niepocieszony, gdy\u017c w s\u0142oneczn\u0105 pogod\u0119 masyw Nordkette by\u0142by st\u0105d widoczny jak na d\u0142oni (w\u00f3wczas kadr op\u0142aca\u0142oby si\u0119 przesun\u0105\u0107 bardziej w prawo). 19.08.2014<\/p>\n<\/div>\n","protected":false},"excerpt":{"rendered":"<p>Kreith. Chmury wisz\u0105ce nad okolic\u0105, niewiele wy\u017cej ni\u017c miejsce wykonania zdj\u0119cia, mo\u017ce i wygl\u0105daj\u0105 atrakcyjnie, ale by\u0142em niepocieszony, gdy\u017c w s\u0142oneczn\u0105 pogod\u0119 masyw Nordkette by\u0142by st\u0105d widoczny jak na d\u0142oni (w\u00f3wczas kadr op\u0142aca\u0142oby si\u0119 przesun\u0105\u0107 bardziej w prawo). 19.08.2014<\/p>\n","protected":false},"author":1,"featured_media":7813,"comment_status":"open","ping_status":"","sticky":false,"template":"","format":"standard","meta":{"footnotes":""},"categories":[48,3],"tags":[1397,9,185,241,242,1396,561],"class_list":["post-7812","post","type-post","status-publish","format-standard","has-post-thumbnail","hentry","category-rok-2014","category-tramwaj","tag-2014-08-19","tag-austria","tag-cityrunner","tag-innsbruck","tag-ivb-innsbruck","tag-stubaitalbahn","tag-tramwaj-podmiejski"],"_links":{"self":[{"href":"https:\/\/wgphoto.pl\/t\/index.php?rest_route=\/wp\/v2\/posts\/7812","targetHints":{"allow":["GET"]}}],"collection":[{"href":"https:\/\/wgphoto.pl\/t\/index.php?rest_route=\/wp\/v2\/posts"}],"about":[{"href":"https:\/\/wgphoto.pl\/t\/index.php?rest_route=\/wp\/v2\/types\/post"}],"author":[{"embeddable":true,"href":"https:\/\/wgphoto.pl\/t\/index.php?rest_route=\/wp\/v2\/users\/1"}],"replies":[{"embeddable":true,"href":"https:\/\/wgphoto.pl\/t\/index.php?rest_route=%2Fwp%2Fv2%2Fcomments&post=7812"}],"version-history":[{"count":1,"href":"https:\/\/wgphoto.pl\/t\/index.php?rest_route=\/wp\/v2\/posts\/7812\/revisions"}],"predecessor-version":[{"id":7814,"href":"https:\/\/wgphoto.pl\/t\/index.php?rest_route=\/wp\/v2\/posts\/7812\/revisions\/7814"}],"wp:featuredmedia":[{"embeddable":true,"href":"https:\/\/wgphoto.pl\/t\/index.php?rest_route=\/wp\/v2\/media\/7813"}],"wp:attachment":[{"href":"https:\/\/wgphoto.pl\/t\/index.php?rest_route=%2Fwp%2Fv2%2Fmedia&parent=7812"}],"wp:term":[{"taxonomy":"category","embeddable":true,"href":"https:\/\/wgphoto.pl\/t\/index.php?rest_route=%2Fwp%2Fv2%2Fcategories&post=7812"},{"taxonomy":"post_tag","embeddable":true,"href":"https:\/\/wgphoto.pl\/t\/index.php?rest_route=%2Fwp%2Fv2%2Ftags&post=7812"}],"curies":[{"name":"wp","href":"https:\/\/api.w.org\/{rel}","templated":true}]}}