{"id":7849,"date":"2024-12-15T13:07:20","date_gmt":"2024-12-15T12:07:20","guid":{"rendered":"https:\/\/wgphoto.pl\/t\/?p=7849"},"modified":"2024-12-15T13:07:20","modified_gmt":"2024-12-15T12:07:20","slug":"maly-motorak-pod-wielkim-kasztanowcem","status":"publish","type":"post","link":"https:\/\/wgphoto.pl\/t\/?p=7849","title":{"rendered":"Ma\u0142y motorak pod wielkim kasztanowcem"},"content":{"rendered":"\n<figure class=\"wp-block-image aligncenter size-full\"><img loading=\"lazy\" decoding=\"async\" width=\"1024\" height=\"685\" src=\"https:\/\/wgphoto.pl\/t\/wp-content\/uploads\/2024\/12\/IMGP7277.jpg\" alt=\"\" class=\"wp-image-7850\" srcset=\"https:\/\/wgphoto.pl\/t\/wp-content\/uploads\/2024\/12\/IMGP7277.jpg 1024w, https:\/\/wgphoto.pl\/t\/wp-content\/uploads\/2024\/12\/IMGP7277-300x201.jpg 300w, https:\/\/wgphoto.pl\/t\/wp-content\/uploads\/2024\/12\/IMGP7277-768x514.jpg 768w\" sizes=\"auto, (max-width: 1024px) 100vw, 1024px\" \/><\/figure>\n\n\n\n<div class=\"wp-block-group has-global-padding is-layout-constrained wp-block-group-is-layout-constrained\">\n<p>Chucheln\u00e1. Pojazd 810 106-5 sko\u0144czy\u0142 bieg jako poc. 13469 z oddalonej o 10 km stacji Krava\u0159e ve Slezsku, sk\u0105d z kolei dostaniemy si\u0119 do Opawy i dalej &#8211; po kolejnej przesiadce &#8211; do Ostrawy. Wed\u0142ug wikipedii po\u0142o\u017con\u0105 1 kilometr od polsko &#8211; czeskiej granicy Chucheln\u0105 zamieszkuje 1290 os\u00f3b. Jak to si\u0119 ma do faktu, \u017ce poci\u0105g dociera tu w regularnych 60-minutowych odst\u0119pach od godziny 4 do 22? 19.07.2009<\/p>\n<\/div>\n","protected":false},"excerpt":{"rendered":"<p>Chucheln\u00e1. Pojazd 810 106-5 sko\u0144czy\u0142 bieg jako poc. 13469 z oddalonej o 10 km stacji Krava\u0159e ve Slezsku, sk\u0105d z kolei dostaniemy si\u0119 do Opawy i dalej &#8211; po kolejnej przesiadce &#8211; do Ostrawy. Wed\u0142ug wikipedii po\u0142o\u017con\u0105 1 kilometr od polsko &#8211; czeskiej granicy Chucheln\u0105 zamieszkuje 1290 os\u00f3b. Jak to si\u0119 ma do faktu, \u017ce [&hellip;]<\/p>\n","protected":false},"author":1,"featured_media":7850,"comment_status":"open","ping_status":"","sticky":false,"template":"","format":"standard","meta":{"footnotes":""},"categories":[2,169],"tags":[1146,92,50,2187,49,94,1148],"class_list":["post-7849","post","type-post","status-publish","format-standard","has-post-thumbnail","hentry","category-kolej","category-rok-2009","tag-2009-07-19","tag-92","tag-cd","tag-chuchelna","tag-czechy","tag-na-kolejowym-koncu-swiata","tag-tab-cz318"],"_links":{"self":[{"href":"https:\/\/wgphoto.pl\/t\/index.php?rest_route=\/wp\/v2\/posts\/7849","targetHints":{"allow":["GET"]}}],"collection":[{"href":"https:\/\/wgphoto.pl\/t\/index.php?rest_route=\/wp\/v2\/posts"}],"about":[{"href":"https:\/\/wgphoto.pl\/t\/index.php?rest_route=\/wp\/v2\/types\/post"}],"author":[{"embeddable":true,"href":"https:\/\/wgphoto.pl\/t\/index.php?rest_route=\/wp\/v2\/users\/1"}],"replies":[{"embeddable":true,"href":"https:\/\/wgphoto.pl\/t\/index.php?rest_route=%2Fwp%2Fv2%2Fcomments&post=7849"}],"version-history":[{"count":1,"href":"https:\/\/wgphoto.pl\/t\/index.php?rest_route=\/wp\/v2\/posts\/7849\/revisions"}],"predecessor-version":[{"id":7851,"href":"https:\/\/wgphoto.pl\/t\/index.php?rest_route=\/wp\/v2\/posts\/7849\/revisions\/7851"}],"wp:featuredmedia":[{"embeddable":true,"href":"https:\/\/wgphoto.pl\/t\/index.php?rest_route=\/wp\/v2\/media\/7850"}],"wp:attachment":[{"href":"https:\/\/wgphoto.pl\/t\/index.php?rest_route=%2Fwp%2Fv2%2Fmedia&parent=7849"}],"wp:term":[{"taxonomy":"category","embeddable":true,"href":"https:\/\/wgphoto.pl\/t\/index.php?rest_route=%2Fwp%2Fv2%2Fcategories&post=7849"},{"taxonomy":"post_tag","embeddable":true,"href":"https:\/\/wgphoto.pl\/t\/index.php?rest_route=%2Fwp%2Fv2%2Ftags&post=7849"}],"curies":[{"name":"wp","href":"https:\/\/api.w.org\/{rel}","templated":true}]}}