{"id":7867,"date":"2024-12-15T13:17:07","date_gmt":"2024-12-15T12:17:07","guid":{"rendered":"https:\/\/wgphoto.pl\/t\/?p=7867"},"modified":"2024-12-15T13:17:07","modified_gmt":"2024-12-15T12:17:07","slug":"lans","status":"publish","type":"post","link":"https:\/\/wgphoto.pl\/t\/?p=7867","title":{"rendered":"Lans"},"content":{"rendered":"\n<figure class=\"wp-block-image aligncenter size-full\"><img loading=\"lazy\" decoding=\"async\" width=\"1050\" height=\"700\" src=\"https:\/\/wgphoto.pl\/t\/wp-content\/uploads\/2024\/12\/IMGP6830-2.jpg\" alt=\"\" class=\"wp-image-7868\" srcset=\"https:\/\/wgphoto.pl\/t\/wp-content\/uploads\/2024\/12\/IMGP6830-2.jpg 1050w, https:\/\/wgphoto.pl\/t\/wp-content\/uploads\/2024\/12\/IMGP6830-2-300x200.jpg 300w, https:\/\/wgphoto.pl\/t\/wp-content\/uploads\/2024\/12\/IMGP6830-2-768x512.jpg 768w\" sizes=\"auto, (max-width: 1050px) 100vw, 1050px\" \/><\/figure>\n\n\n\n<div class=\"wp-block-group has-global-padding is-layout-constrained wp-block-group-is-layout-constrained\">\n<p>Lans. Sz\u00f3stka zbli\u017ca si\u0119 do przystanku Lansersee. 18.08.2014<\/p>\n<\/div>\n","protected":false},"excerpt":{"rendered":"<p>Lans. Sz\u00f3stka zbli\u017ca si\u0119 do przystanku Lansersee. 18.08.2014<\/p>\n","protected":false},"author":1,"featured_media":7868,"comment_status":"open","ping_status":"","sticky":false,"template":"","format":"standard","meta":{"footnotes":""},"categories":[48,3],"tags":[243,9,185,114,241,242,2188,561],"class_list":["post-7867","post","type-post","status-publish","format-standard","has-post-thumbnail","hentry","category-rok-2014","category-tramwaj","tag-2014-08-18","tag-austria","tag-cityrunner","tag-gory","tag-innsbruck","tag-ivb-innsbruck","tag-mittelgebirgsbahn","tag-tramwaj-podmiejski"],"_links":{"self":[{"href":"https:\/\/wgphoto.pl\/t\/index.php?rest_route=\/wp\/v2\/posts\/7867","targetHints":{"allow":["GET"]}}],"collection":[{"href":"https:\/\/wgphoto.pl\/t\/index.php?rest_route=\/wp\/v2\/posts"}],"about":[{"href":"https:\/\/wgphoto.pl\/t\/index.php?rest_route=\/wp\/v2\/types\/post"}],"author":[{"embeddable":true,"href":"https:\/\/wgphoto.pl\/t\/index.php?rest_route=\/wp\/v2\/users\/1"}],"replies":[{"embeddable":true,"href":"https:\/\/wgphoto.pl\/t\/index.php?rest_route=%2Fwp%2Fv2%2Fcomments&post=7867"}],"version-history":[{"count":1,"href":"https:\/\/wgphoto.pl\/t\/index.php?rest_route=\/wp\/v2\/posts\/7867\/revisions"}],"predecessor-version":[{"id":7869,"href":"https:\/\/wgphoto.pl\/t\/index.php?rest_route=\/wp\/v2\/posts\/7867\/revisions\/7869"}],"wp:featuredmedia":[{"embeddable":true,"href":"https:\/\/wgphoto.pl\/t\/index.php?rest_route=\/wp\/v2\/media\/7868"}],"wp:attachment":[{"href":"https:\/\/wgphoto.pl\/t\/index.php?rest_route=%2Fwp%2Fv2%2Fmedia&parent=7867"}],"wp:term":[{"taxonomy":"category","embeddable":true,"href":"https:\/\/wgphoto.pl\/t\/index.php?rest_route=%2Fwp%2Fv2%2Fcategories&post=7867"},{"taxonomy":"post_tag","embeddable":true,"href":"https:\/\/wgphoto.pl\/t\/index.php?rest_route=%2Fwp%2Fv2%2Ftags&post=7867"}],"curies":[{"name":"wp","href":"https:\/\/api.w.org\/{rel}","templated":true}]}}