{"id":787,"date":"2024-09-30T21:01:50","date_gmt":"2024-09-30T19:01:50","guid":{"rendered":"https:\/\/wgphoto.pl\/t\/?p=787"},"modified":"2024-09-30T21:01:50","modified_gmt":"2024-09-30T19:01:50","slug":"rzut-oka-na-dach","status":"publish","type":"post","link":"https:\/\/wgphoto.pl\/t\/?p=787","title":{"rendered":"Rzut oka na dach"},"content":{"rendered":"\n<figure class=\"wp-block-image aligncenter size-full\"><img loading=\"lazy\" decoding=\"async\" width=\"1200\" height=\"795\" src=\"https:\/\/wgphoto.pl\/t\/wp-content\/uploads\/2024\/09\/IMGP8027.jpg\" alt=\"\" class=\"wp-image-788\" srcset=\"https:\/\/wgphoto.pl\/t\/wp-content\/uploads\/2024\/09\/IMGP8027.jpg 1200w, https:\/\/wgphoto.pl\/t\/wp-content\/uploads\/2024\/09\/IMGP8027-300x199.jpg 300w, https:\/\/wgphoto.pl\/t\/wp-content\/uploads\/2024\/09\/IMGP8027-768x509.jpg 768w\" sizes=\"auto, (max-width: 1200px) 100vw, 1200px\" \/><\/figure>\n\n\n\n<div class=\"wp-block-group has-global-padding is-layout-constrained wp-block-group-is-layout-constrained\">\n<p>Berno, Bubenbergplatz. Nad peronami tramwajowymi w obr\u0119bie w\u0119z\u0142a przesiadkowego obok dworca g\u0142\u00f3wnego zbudowano zadaszenie z niezamierzonym zapewne efektem lustra. 24.03.2018<\/p>\n<\/div>\n","protected":false},"excerpt":{"rendered":"<p>Berno, Bubenbergplatz. Nad peronami tramwajowymi w obr\u0119bie w\u0119z\u0142a przesiadkowego obok dworca g\u0142\u00f3wnego zbudowano zadaszenie z niezamierzonym zapewne efektem lustra. 24.03.2018<\/p>\n","protected":false},"author":1,"featured_media":788,"comment_status":"open","ping_status":"","sticky":false,"template":"","format":"standard","meta":{"footnotes":""},"categories":[156,3],"tags":[396,394,393,179,395,154,143,381,183,186],"class_list":["post-787","post","type-post","status-publish","format-standard","has-post-thumbnail","hentry","category-rok-2018","category-tramwaj","tag-2018-03-24","tag-bernmobil","tag-berno","tag-hala-peronowa","tag-lustro","tag-noc","tag-ponad-30m","tag-siemens-combino","tag-suissetrip-2018","tag-szwajcaria"],"_links":{"self":[{"href":"https:\/\/wgphoto.pl\/t\/index.php?rest_route=\/wp\/v2\/posts\/787","targetHints":{"allow":["GET"]}}],"collection":[{"href":"https:\/\/wgphoto.pl\/t\/index.php?rest_route=\/wp\/v2\/posts"}],"about":[{"href":"https:\/\/wgphoto.pl\/t\/index.php?rest_route=\/wp\/v2\/types\/post"}],"author":[{"embeddable":true,"href":"https:\/\/wgphoto.pl\/t\/index.php?rest_route=\/wp\/v2\/users\/1"}],"replies":[{"embeddable":true,"href":"https:\/\/wgphoto.pl\/t\/index.php?rest_route=%2Fwp%2Fv2%2Fcomments&post=787"}],"version-history":[{"count":1,"href":"https:\/\/wgphoto.pl\/t\/index.php?rest_route=\/wp\/v2\/posts\/787\/revisions"}],"predecessor-version":[{"id":789,"href":"https:\/\/wgphoto.pl\/t\/index.php?rest_route=\/wp\/v2\/posts\/787\/revisions\/789"}],"wp:featuredmedia":[{"embeddable":true,"href":"https:\/\/wgphoto.pl\/t\/index.php?rest_route=\/wp\/v2\/media\/788"}],"wp:attachment":[{"href":"https:\/\/wgphoto.pl\/t\/index.php?rest_route=%2Fwp%2Fv2%2Fmedia&parent=787"}],"wp:term":[{"taxonomy":"category","embeddable":true,"href":"https:\/\/wgphoto.pl\/t\/index.php?rest_route=%2Fwp%2Fv2%2Fcategories&post=787"},{"taxonomy":"post_tag","embeddable":true,"href":"https:\/\/wgphoto.pl\/t\/index.php?rest_route=%2Fwp%2Fv2%2Ftags&post=787"}],"curies":[{"name":"wp","href":"https:\/\/api.w.org\/{rel}","templated":true}]}}