{"id":7888,"date":"2024-12-15T13:25:44","date_gmt":"2024-12-15T12:25:44","guid":{"rendered":"https:\/\/wgphoto.pl\/t\/?p=7888"},"modified":"2024-12-15T13:26:03","modified_gmt":"2024-12-15T12:26:03","slug":"bo-tymi-pociagami-to-nikt-nie-jezdzi","status":"publish","type":"post","link":"https:\/\/wgphoto.pl\/t\/?p=7888","title":{"rendered":"Bo tymi poci\u0105gami to nikt nie je\u017adzi"},"content":{"rendered":"\n<figure class=\"wp-block-image aligncenter size-full\"><img loading=\"lazy\" decoding=\"async\" width=\"1300\" height=\"870\" src=\"https:\/\/wgphoto.pl\/t\/wp-content\/uploads\/2024\/12\/IMGP7930.jpg\" alt=\"\" class=\"wp-image-7889\" srcset=\"https:\/\/wgphoto.pl\/t\/wp-content\/uploads\/2024\/12\/IMGP7930.jpg 1300w, https:\/\/wgphoto.pl\/t\/wp-content\/uploads\/2024\/12\/IMGP7930-300x201.jpg 300w, https:\/\/wgphoto.pl\/t\/wp-content\/uploads\/2024\/12\/IMGP7930-768x514.jpg 768w\" sizes=\"auto, (max-width: 1300px) 100vw, 1300px\" \/><\/figure>\n\n\n\n<div class=\"wp-block-group has-global-padding is-layout-constrained wp-block-group-is-layout-constrained\">\n<p>T\u0159eb\u00ed\u010d. 754 043-8 z poci\u0105giem pospiesznym 666 &#8222;Petr Vok&#8221; z Brna do Pilzna oczekuje na krzy\u017cowanie z poci\u0105giem osobowym 4813 relacji Jihlava &#8211; Brno hl.n., kt\u00f3ry zabierze st\u0105d spor\u0105 grup\u0119 uczni\u00f3w wracaj\u0105cych do dom\u00f3w. Na bocznym torze zatrudnienia oczekuje sk\u0142ad poci\u0105gu osobowego z lokomotyw\u0105 754 023-0 na czele. Uwa\u017cny obserwator dostrze\u017ce tak\u017ce pracownika kolei wskazuj\u0105cego miejsce zatrzymania czo\u0142a poci\u0105gu nr 4813. 15.09.2010<\/p>\n<\/div>\n","protected":false},"excerpt":{"rendered":"<p>T\u0159eb\u00ed\u010d. 754 043-8 z poci\u0105giem pospiesznym 666 &#8222;Petr Vok&#8221; z Brna do Pilzna oczekuje na krzy\u017cowanie z poci\u0105giem osobowym 4813 relacji Jihlava &#8211; Brno hl.n., kt\u00f3ry zabierze st\u0105d spor\u0105 grup\u0119 uczni\u00f3w wracaj\u0105cych do dom\u00f3w. Na bocznym torze zatrudnienia oczekuje sk\u0142ad poci\u0105gu osobowego z lokomotyw\u0105 754 023-0 na czele. Uwa\u017cny obserwator dostrze\u017ce tak\u017ce pracownika kolei wskazuj\u0105cego [&hellip;]<\/p>\n","protected":false},"author":1,"featured_media":7889,"comment_status":"open","ping_status":"","sticky":false,"template":"","format":"standard","meta":{"footnotes":""},"categories":[2,86],"tags":[1356,335,50,49,313,151,1354,2651],"class_list":["post-7888","post","type-post","status-publish","format-standard","has-post-thumbnail","hentry","category-kolej","category-rok-2010","tag-2010-09-15","tag-335","tag-cd","tag-czechy","tag-dyzurny","tag-ludzie","tag-tab-cz240","tag-trebic"],"_links":{"self":[{"href":"https:\/\/wgphoto.pl\/t\/index.php?rest_route=\/wp\/v2\/posts\/7888","targetHints":{"allow":["GET"]}}],"collection":[{"href":"https:\/\/wgphoto.pl\/t\/index.php?rest_route=\/wp\/v2\/posts"}],"about":[{"href":"https:\/\/wgphoto.pl\/t\/index.php?rest_route=\/wp\/v2\/types\/post"}],"author":[{"embeddable":true,"href":"https:\/\/wgphoto.pl\/t\/index.php?rest_route=\/wp\/v2\/users\/1"}],"replies":[{"embeddable":true,"href":"https:\/\/wgphoto.pl\/t\/index.php?rest_route=%2Fwp%2Fv2%2Fcomments&post=7888"}],"version-history":[{"count":1,"href":"https:\/\/wgphoto.pl\/t\/index.php?rest_route=\/wp\/v2\/posts\/7888\/revisions"}],"predecessor-version":[{"id":7890,"href":"https:\/\/wgphoto.pl\/t\/index.php?rest_route=\/wp\/v2\/posts\/7888\/revisions\/7890"}],"wp:featuredmedia":[{"embeddable":true,"href":"https:\/\/wgphoto.pl\/t\/index.php?rest_route=\/wp\/v2\/media\/7889"}],"wp:attachment":[{"href":"https:\/\/wgphoto.pl\/t\/index.php?rest_route=%2Fwp%2Fv2%2Fmedia&parent=7888"}],"wp:term":[{"taxonomy":"category","embeddable":true,"href":"https:\/\/wgphoto.pl\/t\/index.php?rest_route=%2Fwp%2Fv2%2Fcategories&post=7888"},{"taxonomy":"post_tag","embeddable":true,"href":"https:\/\/wgphoto.pl\/t\/index.php?rest_route=%2Fwp%2Fv2%2Ftags&post=7888"}],"curies":[{"name":"wp","href":"https:\/\/api.w.org\/{rel}","templated":true}]}}