{"id":7936,"date":"2024-12-15T13:43:26","date_gmt":"2024-12-15T12:43:26","guid":{"rendered":"https:\/\/wgphoto.pl\/t\/?p=7936"},"modified":"2024-12-15T13:43:26","modified_gmt":"2024-12-15T12:43:26","slug":"najladniejszy-tramwaj-w-miescie","status":"publish","type":"post","link":"https:\/\/wgphoto.pl\/t\/?p=7936","title":{"rendered":"Naj\u0142adniejszy tramwaj w mie\u015bcie"},"content":{"rendered":"\n<figure class=\"wp-block-image aligncenter size-full\"><img loading=\"lazy\" decoding=\"async\" width=\"1050\" height=\"700\" src=\"https:\/\/wgphoto.pl\/t\/wp-content\/uploads\/2024\/12\/IMGP5560.jpg\" alt=\"\" class=\"wp-image-7937\" srcset=\"https:\/\/wgphoto.pl\/t\/wp-content\/uploads\/2024\/12\/IMGP5560.jpg 1050w, https:\/\/wgphoto.pl\/t\/wp-content\/uploads\/2024\/12\/IMGP5560-300x200.jpg 300w, https:\/\/wgphoto.pl\/t\/wp-content\/uploads\/2024\/12\/IMGP5560-768x512.jpg 768w\" sizes=\"auto, (max-width: 1050px) 100vw, 1050px\" \/><\/figure>\n\n\n\n<div class=\"wp-block-group has-global-padding is-layout-constrained wp-block-group-is-layout-constrained\">\n<p>T3SU 1373+1374 wje\u017cd\u017ca z przydworcowego placu w ulic\u0119 Kurczatowa. Motorniczy najwyra\u017aniej by\u0142 dumny z faktu prowadzenia takiego \u0142adnego tramwaju, bo na widok aparatu macha\u0142 obficie, a nawet w\u0142\u0105czy\u0142 przednie \u015bwiat\u0142a. \ud83d\ude42 2010-08-05<\/p>\n<\/div>\n","protected":false},"excerpt":{"rendered":"<p>T3SU 1373+1374 wje\u017cd\u017ca z przydworcowego placu w ulic\u0119 Kurczatowa. Motorniczy najwyra\u017aniej by\u0142 dumny z faktu prowadzenia takiego \u0142adnego tramwaju, bo na widok aparatu macha\u0142 obficie, a nawet w\u0142\u0105czy\u0142 przednie \u015bwiat\u0142a. \ud83d\ude42 2010-08-05<\/p>\n","protected":false},"author":1,"featured_media":7937,"comment_status":"open","ping_status":"","sticky":false,"template":"","format":"standard","meta":{"footnotes":""},"categories":[86,3],"tags":[1054,34,1055,1011,453],"class_list":["post-7936","post","type-post","status-publish","format-standard","has-post-thumbnail","hentry","category-rok-2010","category-tramwaj","tag-2010-08-05","tag-architektura","tag-dniepropietrowsk","tag-tatra-t3","tag-ukraina"],"_links":{"self":[{"href":"https:\/\/wgphoto.pl\/t\/index.php?rest_route=\/wp\/v2\/posts\/7936","targetHints":{"allow":["GET"]}}],"collection":[{"href":"https:\/\/wgphoto.pl\/t\/index.php?rest_route=\/wp\/v2\/posts"}],"about":[{"href":"https:\/\/wgphoto.pl\/t\/index.php?rest_route=\/wp\/v2\/types\/post"}],"author":[{"embeddable":true,"href":"https:\/\/wgphoto.pl\/t\/index.php?rest_route=\/wp\/v2\/users\/1"}],"replies":[{"embeddable":true,"href":"https:\/\/wgphoto.pl\/t\/index.php?rest_route=%2Fwp%2Fv2%2Fcomments&post=7936"}],"version-history":[{"count":1,"href":"https:\/\/wgphoto.pl\/t\/index.php?rest_route=\/wp\/v2\/posts\/7936\/revisions"}],"predecessor-version":[{"id":7938,"href":"https:\/\/wgphoto.pl\/t\/index.php?rest_route=\/wp\/v2\/posts\/7936\/revisions\/7938"}],"wp:featuredmedia":[{"embeddable":true,"href":"https:\/\/wgphoto.pl\/t\/index.php?rest_route=\/wp\/v2\/media\/7937"}],"wp:attachment":[{"href":"https:\/\/wgphoto.pl\/t\/index.php?rest_route=%2Fwp%2Fv2%2Fmedia&parent=7936"}],"wp:term":[{"taxonomy":"category","embeddable":true,"href":"https:\/\/wgphoto.pl\/t\/index.php?rest_route=%2Fwp%2Fv2%2Fcategories&post=7936"},{"taxonomy":"post_tag","embeddable":true,"href":"https:\/\/wgphoto.pl\/t\/index.php?rest_route=%2Fwp%2Fv2%2Ftags&post=7936"}],"curies":[{"name":"wp","href":"https:\/\/api.w.org\/{rel}","templated":true}]}}