{"id":7945,"date":"2024-12-15T13:48:08","date_gmt":"2024-12-15T12:48:08","guid":{"rendered":"https:\/\/wgphoto.pl\/t\/?p=7945"},"modified":"2024-12-15T13:48:08","modified_gmt":"2024-12-15T12:48:08","slug":"kijowskie-metro","status":"publish","type":"post","link":"https:\/\/wgphoto.pl\/t\/?p=7945","title":{"rendered":"Kijowskie metro"},"content":{"rendered":"\n<figure class=\"wp-block-image aligncenter size-full\"><img loading=\"lazy\" decoding=\"async\" width=\"1050\" height=\"700\" src=\"https:\/\/wgphoto.pl\/t\/wp-content\/uploads\/2024\/12\/IMGP5343.jpg\" alt=\"\" class=\"wp-image-7946\" srcset=\"https:\/\/wgphoto.pl\/t\/wp-content\/uploads\/2024\/12\/IMGP5343.jpg 1050w, https:\/\/wgphoto.pl\/t\/wp-content\/uploads\/2024\/12\/IMGP5343-300x200.jpg 300w, https:\/\/wgphoto.pl\/t\/wp-content\/uploads\/2024\/12\/IMGP5343-768x512.jpg 768w\" sizes=\"auto, (max-width: 1050px) 100vw, 1050px\" \/><\/figure>\n\n\n\n<div class=\"wp-block-group has-global-padding is-layout-constrained wp-block-group-is-layout-constrained\">\n<p>Poci\u0105g pierwszej linii metra, zestawiony z wagon\u00f3w serii E, wspina si\u0119 na szczyt Mostu Metro nad Dnieprem, s\u0142u\u017c\u0105cego &#8211; jak wida\u0107 &#8211; tak\u017ce pojazdom indywidualnym. Kijowskie metro jeszcze tutaj nie go\u015bci\u0142o. 2010-08-03<\/p>\n<\/div>\n","protected":false},"excerpt":{"rendered":"<p>Poci\u0105g pierwszej linii metra, zestawiony z wagon\u00f3w serii E, wspina si\u0119 na szczyt Mostu Metro nad Dnieprem, s\u0142u\u017c\u0105cego &#8211; jak wida\u0107 &#8211; tak\u017ce pojazdom indywidualnym. Kijowskie metro jeszcze tutaj nie go\u015bci\u0142o. 2010-08-03<\/p>\n","protected":false},"author":1,"featured_media":7946,"comment_status":"open","ping_status":"","sticky":false,"template":"","format":"standard","meta":{"footnotes":""},"categories":[4,86],"tags":[2075,452,2659,118,453],"class_list":["post-7945","post","type-post","status-publish","format-standard","has-post-thumbnail","hentry","category-metro","category-rok-2010","tag-2010-08-03","tag-kijow","tag-metrowagonmasz-e","tag-plany-i-profile","tag-ukraina"],"_links":{"self":[{"href":"https:\/\/wgphoto.pl\/t\/index.php?rest_route=\/wp\/v2\/posts\/7945","targetHints":{"allow":["GET"]}}],"collection":[{"href":"https:\/\/wgphoto.pl\/t\/index.php?rest_route=\/wp\/v2\/posts"}],"about":[{"href":"https:\/\/wgphoto.pl\/t\/index.php?rest_route=\/wp\/v2\/types\/post"}],"author":[{"embeddable":true,"href":"https:\/\/wgphoto.pl\/t\/index.php?rest_route=\/wp\/v2\/users\/1"}],"replies":[{"embeddable":true,"href":"https:\/\/wgphoto.pl\/t\/index.php?rest_route=%2Fwp%2Fv2%2Fcomments&post=7945"}],"version-history":[{"count":1,"href":"https:\/\/wgphoto.pl\/t\/index.php?rest_route=\/wp\/v2\/posts\/7945\/revisions"}],"predecessor-version":[{"id":7947,"href":"https:\/\/wgphoto.pl\/t\/index.php?rest_route=\/wp\/v2\/posts\/7945\/revisions\/7947"}],"wp:featuredmedia":[{"embeddable":true,"href":"https:\/\/wgphoto.pl\/t\/index.php?rest_route=\/wp\/v2\/media\/7946"}],"wp:attachment":[{"href":"https:\/\/wgphoto.pl\/t\/index.php?rest_route=%2Fwp%2Fv2%2Fmedia&parent=7945"}],"wp:term":[{"taxonomy":"category","embeddable":true,"href":"https:\/\/wgphoto.pl\/t\/index.php?rest_route=%2Fwp%2Fv2%2Fcategories&post=7945"},{"taxonomy":"post_tag","embeddable":true,"href":"https:\/\/wgphoto.pl\/t\/index.php?rest_route=%2Fwp%2Fv2%2Ftags&post=7945"}],"curies":[{"name":"wp","href":"https:\/\/api.w.org\/{rel}","templated":true}]}}