{"id":7978,"date":"2024-12-15T16:23:45","date_gmt":"2024-12-15T15:23:45","guid":{"rendered":"https:\/\/wgphoto.pl\/t\/?p=7978"},"modified":"2024-12-15T16:24:27","modified_gmt":"2024-12-15T15:24:27","slug":"odeski-poranek","status":"publish","type":"post","link":"https:\/\/wgphoto.pl\/t\/?p=7978","title":{"rendered":"Odeski poranek"},"content":{"rendered":"\n<figure class=\"wp-block-image aligncenter size-full\"><img loading=\"lazy\" decoding=\"async\" width=\"1050\" height=\"700\" src=\"https:\/\/wgphoto.pl\/t\/wp-content\/uploads\/2024\/12\/IMGP5595.jpg\" alt=\"\" class=\"wp-image-7979\" srcset=\"https:\/\/wgphoto.pl\/t\/wp-content\/uploads\/2024\/12\/IMGP5595.jpg 1050w, https:\/\/wgphoto.pl\/t\/wp-content\/uploads\/2024\/12\/IMGP5595-300x200.jpg 300w, https:\/\/wgphoto.pl\/t\/wp-content\/uploads\/2024\/12\/IMGP5595-768x512.jpg 768w\" sizes=\"auto, (max-width: 1050px) 100vw, 1050px\" \/><\/figure>\n\n\n\n<div class=\"wp-block-group has-global-padding is-layout-constrained wp-block-group-is-layout-constrained\">\n<p>Odessa, Bielinskowo wul. Podczas gdy dwoje tubylc\u00f3w wlepia wzrok w focist\u0119, trzech zaspanych turyst\u00f3w z Polski podziwia spod wiaty tramwaj &#8211; zupe\u0142nie, jakby taki \u015brodek transportu by\u0142 im nieznany. \ud83d\ude09 Na mi\u0119dzytorzu zauwa\u017cy\u0107 mo\u017cna lokaln\u0105 wariacj\u0119 na temat sygnalizatora tramwajowego. 06.08.2010<\/p>\n<\/div>\n","protected":false},"excerpt":{"rendered":"<p>Odessa, Bielinskowo wul. Podczas gdy dwoje tubylc\u00f3w wlepia wzrok w focist\u0119, trzech zaspanych turyst\u00f3w z Polski podziwia spod wiaty tramwaj &#8211; zupe\u0142nie, jakby taki \u015brodek transportu by\u0142 im nieznany. \ud83d\ude09 Na mi\u0119dzytorzu zauwa\u017cy\u0107 mo\u017cna lokaln\u0105 wariacj\u0119 na temat sygnalizatora tramwajowego. 06.08.2010<\/p>\n","protected":false},"author":1,"featured_media":7979,"comment_status":"open","ping_status":"","sticky":false,"template":"","format":"standard","meta":{"footnotes":""},"categories":[86,3],"tags":[1632,151,1633,219,176,1011,453],"class_list":["post-7978","post","type-post","status-publish","format-standard","has-post-thumbnail","hentry","category-rok-2010","category-tramwaj","tag-2010-08-06","tag-ludzie","tag-odessa","tag-przystanek","tag-rano","tag-tatra-t3","tag-ukraina"],"_links":{"self":[{"href":"https:\/\/wgphoto.pl\/t\/index.php?rest_route=\/wp\/v2\/posts\/7978","targetHints":{"allow":["GET"]}}],"collection":[{"href":"https:\/\/wgphoto.pl\/t\/index.php?rest_route=\/wp\/v2\/posts"}],"about":[{"href":"https:\/\/wgphoto.pl\/t\/index.php?rest_route=\/wp\/v2\/types\/post"}],"author":[{"embeddable":true,"href":"https:\/\/wgphoto.pl\/t\/index.php?rest_route=\/wp\/v2\/users\/1"}],"replies":[{"embeddable":true,"href":"https:\/\/wgphoto.pl\/t\/index.php?rest_route=%2Fwp%2Fv2%2Fcomments&post=7978"}],"version-history":[{"count":1,"href":"https:\/\/wgphoto.pl\/t\/index.php?rest_route=\/wp\/v2\/posts\/7978\/revisions"}],"predecessor-version":[{"id":7980,"href":"https:\/\/wgphoto.pl\/t\/index.php?rest_route=\/wp\/v2\/posts\/7978\/revisions\/7980"}],"wp:featuredmedia":[{"embeddable":true,"href":"https:\/\/wgphoto.pl\/t\/index.php?rest_route=\/wp\/v2\/media\/7979"}],"wp:attachment":[{"href":"https:\/\/wgphoto.pl\/t\/index.php?rest_route=%2Fwp%2Fv2%2Fmedia&parent=7978"}],"wp:term":[{"taxonomy":"category","embeddable":true,"href":"https:\/\/wgphoto.pl\/t\/index.php?rest_route=%2Fwp%2Fv2%2Fcategories&post=7978"},{"taxonomy":"post_tag","embeddable":true,"href":"https:\/\/wgphoto.pl\/t\/index.php?rest_route=%2Fwp%2Fv2%2Ftags&post=7978"}],"curies":[{"name":"wp","href":"https:\/\/api.w.org\/{rel}","templated":true}]}}